{"id":650,"date":"2025-11-24T11:09:01","date_gmt":"2025-11-24T11:09:01","guid":{"rendered":"https:\/\/md.korty.org\/?p=650"},"modified":"2025-11-25T07:01:13","modified_gmt":"2025-11-25T07:01:13","slug":"olszynka-kontra-kt-break-w-wielkim-finale-mistrzostw-mazowsza-amatorow","status":"publish","type":"post","link":"https:\/\/md.korty.org\/?p=650","title":{"rendered":"Olszynka kontra Morelowa TC w finale Mistrzostw Mazowsza Amator\u00f3w"},"content":{"rendered":"<p>Czwarta kolejka Dru\u017cynowych Mistrzostw Mazowsza Amator\u00f3w 2025 domkn\u0119\u0142a faz\u0119 grupow\u0105 i ostatecznie wy\u0142oni\u0142a pary fina\u0142owe. Emocji nie brakowa\u0142o w obu grupach \u2013 od pewnych zwyci\u0119stw faworyt\u00f3w, przez wa\u017cne mecze \u201eo tabel\u0119\u201d, po d\u0142ugo wyczekiwane prze\u0142amanie na dole stawki.<\/p>\n<hr \/>\n<h2>Grupa A \u2013 Olszynka potwierdza dominacj\u0119, Break utrzymuje wicemistrza grupy<\/h2>\n<p>W najciekawiej zapowiadaj\u0105cym si\u0119 meczu czwartej kolejki <strong>KT Olszynka<\/strong> podejmowa\u0142a rozp\u0119dzony po wygranej z Breakiem zesp\u00f3\u0142 <strong>TenisPoint<\/strong>. Liderzy tabeli nie pozostawili jednak z\u0142udze\u0144, kto rz\u0105dzi w grupie.<br \/>\nJakub Tomczyk pokona\u0142 Macieja Michalika 6\/4 6\/4, <strong>Miko\u0142aj Mielcarz<\/strong> okaza\u0142 si\u0119 lepszy od Huberta Parchomiuka 6\/3 6\/3, a w amatorskim singlu <strong>Bartek Gorczycki<\/strong> ogra\u0142 Macieja Nowaka 6\/1 6\/3. W deblu para <strong>Pawe\u0142 Malendowicz \/ Jakub Tomczyk<\/strong> domkn\u0119\u0142a wynik na 4:0, wygrywaj\u0105c 6\/1 6\/3.<br \/>\nOlszynka ko\u0144czy wi\u0119c faz\u0119 grupow\u0105 z imponuj\u0105cym bilansem <strong>13\u20133 w meczach i 27\u20137 w setach<\/strong>, pewnie melduj\u0105c si\u0119 w wielkim finale.<\/p>\n<p>Drugie wa\u017cne spotkanie w Grupie A odby\u0142o si\u0119 mi\u0119dzy <strong>Sp\u00f3jni\u0105 Doln\u0105<\/strong> a <strong>KT Break<\/strong>. Dla gospodarzy by\u0142 to mecz o realn\u0105 szans\u0119 na przeskoczenie Breaka w tabeli, dla go\u015bci \u2013 o przypiecz\u0119towanie drugiej lokaty.<br \/>\nNa \u201ejedynce\u201d <strong>Kamil W\u00f3jcik<\/strong> postawi\u0142 si\u0119 Maciejowi Wysockiemu, ale po zaci\u0119tym super tie-breaku lepszy okaza\u0142 si\u0119 zawodnik Breaka \u2013 6\/4 3\/6 7\u201310. Na \u201edw\u00f3jce\u201d Sp\u00f3jnia nie wystawi\u0142a zawodnika, co prze\u0142o\u017cy\u0142o si\u0119 na walkower 0\/6 0\/6 dla <strong>Micha\u0142a Stosio<\/strong>. W amatorskim singlu <strong>Tomasz Wawrzyniak<\/strong> uratowa\u0142 honor gospodarzy, wygrywaj\u0105c 1\/6 6\/2 10\u20137 z Andrzejem Gawend\u0105, jednak w deblu para <strong>W\u00f3jcik \/ Leszek Naskr\u0119cki<\/strong> musia\u0142a uzna\u0107 wy\u017cszo\u015b\u0107 duetu <strong>Wysocki \/ Andrzej Morawski<\/strong> (3\/6 0\/6).<br \/>\nKT Break zwyci\u0119\u017ca 3:1 i ko\u0144czy rozgrywki na drugim miejscu z bilansem <strong>11\u20135<\/strong>, wyprzedzaj\u0105c Sp\u00f3jni\u0119 Doln\u0105 (10\u20136), kt\u00f3ra utrzymuje trzeci\u0105 lokat\u0119.<\/p>\n<p>TenisPoint mimo \u015bwietnego meczu z Breakiem w trzeciej kolejce tym razem musia\u0142 uzna\u0107 wy\u017cszo\u015b\u0107 lidera, co przypiecz\u0119towa\u0142o <strong>4. miejsce<\/strong>. <strong>Park Tennis Academy<\/strong> zako\u0144czy\u0142o sezon zasadniczy bez zdobyczy meczowej (0\u201316), co plasuje t\u0119 dru\u017cyn\u0119 na pi\u0105tej pozycji i kieruje do meczu o 9. miejsce.<\/p>\n<hr \/>\n<h2>Grupa B \u2013 Morelowa bez pora\u017cki, Tie Break wreszcie wygrywa<\/h2>\n<p>W Grupie B r\u00f3wnie\u017c poznali\u015bmy ostateczny uk\u0142ad tabeli, ale droga do niego by\u0142a pe\u0142na ciekawych zwrot\u00f3w.<\/p>\n<p>Jednym z najbardziej symbolicznych mecz\u00f3w kolejki by\u0142o starcie <strong>Tie Break \u2013 Arena Tenisa<\/strong>. Dru\u017cyna Tie Breaku, kt\u00f3ra wcze\u015bniej zbiera\u0142a bolesne pora\u017cki, wreszcie doczeka\u0142a si\u0119 swojego dnia.<br \/>\n<strong>Cezary Lasota<\/strong> ogra\u0142 Radka Jonczyka 6\/3 6\/4, <strong>Micha\u0142 Mo\u015bcicki<\/strong> pewnie pokona\u0142 Michele Innocente 6\/2 6\/1, a <strong>Mateusz Grygiel<\/strong> dorzuci\u0142 trzeci punkt po zwyci\u0119stwie 6\/4 6\/1 nad Marcinem Wolszakiewiczem. Dopiero w deblu Arena odpowiedzia\u0142a \u2013 para <strong>Jonczyk \/ S\u0142awek Mr\u00f3z<\/strong> wygra\u0142a 6\/2 6\/4 z duetem <strong>Lasota \/ Janusz Mazur<\/strong>.<br \/>\nTie Break triumfuje 3:1, poprawiaj\u0105c sw\u00f3j dorobek do <strong>4\u201312<\/strong> i wychodz\u0105c z fazy grupowej z podniesion\u0105 g\u0142ow\u0105, cho\u0107 nadal na pi\u0105tym miejscu.<\/p>\n<p><strong>KT Warszawianka<\/strong> w meczu <strong>KT Orze\u0142<\/strong> stan\u0119\u0142a przed szans\u0105 poprawy pozycji przed faz\u0105 fina\u0142ow\u0105. Pozbawiona tym razem swoich gwiazd ekipa gospodarzy walczy\u0142a dzielnie z os\u0142abion\u0105 brakiem amatora dru\u017cyn\u0105 go\u015bci i przy odrobinie szcz\u0119\u015bcia (walkower w kat. amator i krecz w deblu) zdoby\u0142a niespodziewanie trzy punkty, wygrywaj\u0105c 3:1. Pozwoli\u0142o to zako\u0144czy\u0107 teamowi Warszawianki faz\u0119 grupow\u0105 z bilansem <strong>8\u20138<\/strong> i ostatecznie wyl\u0105dowa\u0107 na <strong>3. miejscu. <\/strong>\u00a0Przy takim samym bilansie punktowym co Arena o kolejno\u015bci zadecydowa\u0142 bezpo\u015bredni pojedynek przegrany z Aren\u0105 0:4.<\/p>\n<p>Liderzy z <strong>Morelowa TC<\/strong> postawili kropk\u0119 nad \u201ei\u201d w meczu przeciwko <strong>Park Tennis Academy<\/strong>. Gospodarze wygrali wszystkie cztery gry w dw\u00f3ch setach \u2013 <strong>Kuba Markowski<\/strong>, <strong>Rafa\u0142 Kabulski<\/strong>, <strong>Patryk Sadowski<\/strong> oraz debel <strong>Pa\u0142czy\u0144ski \/ Markowski<\/strong> tylko potwierdzili, \u017ce Morelowa jest najbardziej stabilnym zespo\u0142em grupy.<br \/>\nKo\u0144cowy bilans 12\u20134 (26\u20139 w setach) daje <strong>Morelowej TC pierwsze miejsce w Grupie B<\/strong>, a co istotne \u2013 zesp\u00f3\u0142 ten ko\u0144czy faz\u0119 zasadnicz\u0105 <strong>bez pora\u017cki<\/strong> (dwie wygrane 4:0 i dwa remisy 2:2).<\/p>\n<hr \/>\n<h2>Konsekwencje dla tabel i par fina\u0142owych<\/h2>\n<p>Po czwartej kolejce uk\u0142ad tabel przedstawia si\u0119 nast\u0119puj\u0105co:<\/p>\n<p><strong>Grupa A<\/strong><\/p>\n<ol>\n<li><strong>KT Olszynka<\/strong> (13\u20133) \u2013 pewny lider, trzy wygrane 4:0 po pocz\u0105tkowej pora\u017cce z Breakiem.<\/li>\n<li><strong>KT Break<\/strong> (11\u20135) \u2013 jedyna dru\u017cyna, kt\u00f3ra pokona\u0142a Olszynk\u0119, ale pora\u017cka z TenisPointem nie pozwoli\u0142a na walk\u0119 o fina\u0142.<\/li>\n<li><strong>Sp\u00f3jnia Dolna<\/strong> (10\u20136) \u2013 walkower z Or\u0142em i dobra ko\u0144c\u00f3wka sezonu, ale miejsce \u201etylko\u201d w meczu o 5. lokat\u0119.<\/li>\n<li><strong>TenisPoint<\/strong> (6\u20138) \u2013 zesp\u00f3\u0142 zdolny do sprawiania niespodzianek, jednak brak stabilno\u015bci spycha go do meczu o 7. miejsce.<\/li>\n<li><strong>Park Tennis Academy<\/strong> (0\u201316) \u2013 m\u0142oda dru\u017cyna, kt\u00f3ra zap\u0142aci\u0142a frycowe w bardzo mocnej grupie.<\/li>\n<\/ol>\n<p><strong>Grupa B<\/strong><\/p>\n<ol>\n<li><strong>Morelowa TC<\/strong> (12\u20134) \u2013 jedyna niepokonana ekipa w rozgrywkach.<\/li>\n<li><strong>Arena Tenisa<\/strong> (7\u20137) \u2013 mimo pora\u017cki z Tie Breakiem utrzymuje drugie miejsce dzi\u0119ki wygranej 4:0 z Warszawiank\u0105 w bezpo\u015brednim meczu.<\/li>\n<li><strong>Warszawianka<\/strong> (8\u20138) \u2013 solidny bilans i przekonuj\u0105ce zwyci\u0119stwo nad Or\u0142em w czwartej kolejce, ale przegrany bezpo\u015bredni mecz z Aren\u0105 spycha j\u0105 na trzeci\u0105 lokat\u0119.<\/li>\n<li><strong>KT Orze\u0142<\/strong> (7\u20139) \u2013 \u015bwietny start sezonu, p\u00f3\u017aniej walkower i pora\u017cka z Warszawiank\u0105 \u2013 ostatecznie walka o 7. miejsce.<\/li>\n<li><strong>Tie Break<\/strong> (4\u201312) \u2013 d\u0142ugo bez punkt\u00f3w, ale efektowna wygrana z Aren\u0105 na koniec fazy grupowej jest dobrym prognostykiem przed meczem o 9. miejsce.<\/li>\n<\/ol>\n<p>Na tej podstawie poznali\u015bmy pe\u0142en zestaw par fina\u0142owych na <strong>7 grudnia 2025<\/strong>:<\/p>\n<ul>\n<li><strong>Mecz o 1. miejsce:<\/strong><br \/>\n<strong>KT Olszynka \u2013 Morelowa TC<\/strong><br \/>\nStarcie mistrz\u00f3w grup: ofensywna, szeroka kadra Olszynki kontra niepokonana Morelowa, kt\u00f3ra przez ca\u0142y sezon nie zazna\u0142a pora\u017cki. To zapowiada si\u0119 na prawdziwy \u201emecz roku\u201d w tych rozgrywkach.<\/li>\n<li><strong>Mecz o 3. miejsce:<\/strong><br \/>\n<strong>KT Break \u2013 Arena Tenisa<\/strong><br \/>\nBreak, jedyny pogromca Olszynki, zmierzy si\u0119 z Aren\u0105, kt\u00f3ra mimo ko\u0144c\u00f3wki poni\u017cej oczekiwa\u0144 potrafi\u0142a wysoko wygrywa\u0107 z mocnymi rywalami. To spotkanie poka\u017ce, kt\u00f3ra z dru\u017cyn lepiej podniesie si\u0119 po trudnej czwartej kolejce.<\/li>\n<li><strong>Mecz o 5. miejsce:<\/strong><br \/>\n<strong>Warszawianka \u2013 Sp\u00f3jnia Dolna<\/strong><br \/>\nBardzo ciekawy pojedynek dw\u00f3ch solidnych, wyr\u00f3wnanych ekip, kt\u00f3re na przestrzeni sezonu pokaza\u0142y, \u017ce sta\u0107 je na wygrywanie z ka\u017cdym. Idealny \u201ema\u0142y klasyk\u201d na zako\u0144czenie rozgrywek.<\/li>\n<li><strong>Mecz o 7. miejsce:<\/strong><br \/>\n<strong>KT Orze\u0142 \u2013 TenisPoint<\/strong><br \/>\nOrze\u0142 b\u0119dzie chcia\u0142 zmaza\u0107 plam\u0119 po ko\u0144c\u00f3wce sezonu, TenisPoint \u2013 udowodni\u0107, \u017ce wygrana z Breakiem nie by\u0142a jednorazowym wystrza\u0142em.<\/li>\n<li><strong>Mecz o 9. miejsce:<\/strong><br \/>\n<strong>Tie Break \u2013 Park Tennis Academy<\/strong><br \/>\nTie Break podejdzie do tego spotkania po bardzo wa\u017cnym, buduj\u0105cym zwyci\u0119stwie nad Aren\u0105, z kolei Park Tennis Academy poszuka pierwszego triumfu w sezonie. Dla obu ekip to szansa, by zako\u0144czy\u0107 rozgrywki z pozytywnym akcentem.<\/li>\n<\/ul>\n<p>Czwarta kolejka nie tylko zamkn\u0119\u0142a faz\u0119 grupow\u0105, ale te\u017c pi\u0119knie uporz\u0105dkowa\u0142a hierarchi\u0119 przed fina\u0142ami. Teraz pozostaje ju\u017c tylko czeka\u0107 na odpowied\u017a, czy Morelowa obroni status niepokonanej dru\u017cyny, czy mo\u017ce Olszynka we\u017amie rewan\u017c na losie za jedyn\u0105 pora\u017ck\u0119 w sezonie i si\u0119gnie po tytu\u0142 Dru\u017cynowego Mistrza Mazowsza Amator\u00f3w 2025.<\/p>\n","protected":false},"excerpt":{"rendered":"<p>Czwarta kolejka Dru\u017cynowych Mistrzostw Mazowsza Amator\u00f3w 2025 domkn\u0119\u0142a faz\u0119 grupow\u0105 i ostatecznie wy\u0142oni\u0142a pary fina\u0142owe. Emocji nie brakowa\u0142o w obu grupach \u2013 od pewnych zwyci\u0119stw faworyt\u00f3w, przez wa\u017cne mecze \u201eo tabel\u0119\u201d, po d\u0142ugo wyczekiwane prze\u0142amanie na dole stawki. Grupa A \u2013 Olszynka potwierdza dominacj\u0119, Break utrzymuje wicemistrza grupy W najciekawiej zapowiadaj\u0105cym si\u0119 meczu czwartej kolejki &#8230; <a title=\"Olszynka kontra Morelowa TC w finale Mistrzostw Mazowsza Amator\u00f3w\" class=\"read-more\" href=\"https:\/\/md.korty.org\/?p=650\" aria-label=\"Read more about Olszynka kontra Morelowa TC w finale Mistrzostw Mazowsza Amator\u00f3w\">Dowiedz si\u0119 wi\u0119cej<\/a><\/p>\n","protected":false},"author":1,"featured_media":651,"comment_status":"closed","ping_status":"open","sticky":false,"template":"","format":"standard","meta":{"footnotes":""},"categories":[1],"tags":[],"class_list":["post-650","post","type-post","status-publish","format-standard","has-post-thumbnail","hentry","category-dmma"],"yoast_head":"<!-- This site is optimized with the Yoast SEO plugin v23.5 - https:\/\/yoast.com\/wordpress\/plugins\/seo\/ -->\n<title>Olszynka kontra Morelowa TC w finale Mistrzostw Mazowsza Amator\u00f3w -<\/title>\n<meta name=\"robots\" content=\"index, follow, max-snippet:-1, max-image-preview:large, max-video-preview:-1\" \/>\n<link rel=\"canonical\" href=\"https:\/\/md.korty.org\/?p=650\" \/>\n<meta property=\"og:locale\" content=\"pl_PL\" \/>\n<meta property=\"og:type\" content=\"article\" \/>\n<meta property=\"og:title\" content=\"Olszynka kontra Morelowa TC w finale Mistrzostw Mazowsza Amator\u00f3w -\" \/>\n<meta property=\"og:description\" content=\"Czwarta kolejka Dru\u017cynowych Mistrzostw Mazowsza Amator\u00f3w 2025 domkn\u0119\u0142a faz\u0119 grupow\u0105 i ostatecznie wy\u0142oni\u0142a pary fina\u0142owe. Emocji nie brakowa\u0142o w obu grupach \u2013 od pewnych zwyci\u0119stw faworyt\u00f3w, przez wa\u017cne mecze \u201eo tabel\u0119\u201d, po d\u0142ugo wyczekiwane prze\u0142amanie na dole stawki. Grupa A \u2013 Olszynka potwierdza dominacj\u0119, Break utrzymuje wicemistrza grupy W najciekawiej zapowiadaj\u0105cym si\u0119 meczu czwartej kolejki ... Dowiedz si\u0119 wi\u0119cej\" \/>\n<meta property=\"og:url\" content=\"https:\/\/md.korty.org\/?p=650\" \/>\n<meta property=\"article:published_time\" content=\"2025-11-24T11:09:01+00:00\" \/>\n<meta property=\"article:modified_time\" content=\"2025-11-25T07:01:13+00:00\" \/>\n<meta property=\"og:image\" content=\"https:\/\/md.korty.org\/wp-content\/uploads\/2025\/11\/tenis1005.jpg\" \/>\n\t<meta property=\"og:image:width\" content=\"1200\" \/>\n\t<meta property=\"og:image:height\" content=\"797\" \/>\n\t<meta property=\"og:image:type\" content=\"image\/jpeg\" \/>\n<meta name=\"author\" content=\"admin\" \/>\n<meta name=\"twitter:card\" content=\"summary_large_image\" \/>\n<meta name=\"twitter:label1\" content=\"Napisane przez\" \/>\n\t<meta name=\"twitter:data1\" content=\"admin\" \/>\n\t<meta name=\"twitter:label2\" content=\"Szacowany czas czytania\" \/>\n\t<meta name=\"twitter:data2\" content=\"7 minut\" \/>\n<script type=\"application\/ld+json\" class=\"yoast-schema-graph\">{\"@context\":\"https:\/\/schema.org\",\"@graph\":[{\"@type\":\"WebPage\",\"@id\":\"https:\/\/md.korty.org\/?p=650\",\"url\":\"https:\/\/md.korty.org\/?p=650\",\"name\":\"Olszynka kontra Morelowa TC w finale Mistrzostw Mazowsza Amator\u00f3w -\",\"isPartOf\":{\"@id\":\"https:\/\/md.korty.org\/#website\"},\"primaryImageOfPage\":{\"@id\":\"https:\/\/md.korty.org\/?p=650#primaryimage\"},\"image\":{\"@id\":\"https:\/\/md.korty.org\/?p=650#primaryimage\"},\"thumbnailUrl\":\"https:\/\/md.korty.org\/wp-content\/uploads\/2025\/11\/tenis1005.jpg\",\"datePublished\":\"2025-11-24T11:09:01+00:00\",\"dateModified\":\"2025-11-25T07:01:13+00:00\",\"author\":{\"@id\":\"https:\/\/md.korty.org\/#\/schema\/person\/95adaf5e66a8f6a899f638cac9eae635\"},\"breadcrumb\":{\"@id\":\"https:\/\/md.korty.org\/?p=650#breadcrumb\"},\"inLanguage\":\"pl-PL\",\"potentialAction\":[{\"@type\":\"ReadAction\",\"target\":[\"https:\/\/md.korty.org\/?p=650\"]}]},{\"@type\":\"ImageObject\",\"inLanguage\":\"pl-PL\",\"@id\":\"https:\/\/md.korty.org\/?p=650#primaryimage\",\"url\":\"https:\/\/md.korty.org\/wp-content\/uploads\/2025\/11\/tenis1005.jpg\",\"contentUrl\":\"https:\/\/md.korty.org\/wp-content\/uploads\/2025\/11\/tenis1005.jpg\",\"width\":1200,\"height\":797},{\"@type\":\"BreadcrumbList\",\"@id\":\"https:\/\/md.korty.org\/?p=650#breadcrumb\",\"itemListElement\":[{\"@type\":\"ListItem\",\"position\":1,\"name\":\"Strona g\u0142\u00f3wna\",\"item\":\"https:\/\/md.korty.org\/\"},{\"@type\":\"ListItem\",\"position\":2,\"name\":\"Olszynka kontra Morelowa TC w finale Mistrzostw Mazowsza Amator\u00f3w\"}]},{\"@type\":\"WebSite\",\"@id\":\"https:\/\/md.korty.org\/#website\",\"url\":\"https:\/\/md.korty.org\/\",\"name\":\"\",\"description\":\"\",\"potentialAction\":[{\"@type\":\"SearchAction\",\"target\":{\"@type\":\"EntryPoint\",\"urlTemplate\":\"https:\/\/md.korty.org\/?s={search_term_string}\"},\"query-input\":{\"@type\":\"PropertyValueSpecification\",\"valueRequired\":true,\"valueName\":\"search_term_string\"}}],\"inLanguage\":\"pl-PL\"},{\"@type\":\"Person\",\"@id\":\"https:\/\/md.korty.org\/#\/schema\/person\/95adaf5e66a8f6a899f638cac9eae635\",\"name\":\"admin\",\"image\":{\"@type\":\"ImageObject\",\"inLanguage\":\"pl-PL\",\"@id\":\"https:\/\/md.korty.org\/#\/schema\/person\/image\/\",\"url\":\"https:\/\/secure.gravatar.com\/avatar\/965731b2fc33e384189523695f2b1a06e5a40db86b7f01b7855f99cb5a120cf4?s=96&d=mm&r=g\",\"contentUrl\":\"https:\/\/secure.gravatar.com\/avatar\/965731b2fc33e384189523695f2b1a06e5a40db86b7f01b7855f99cb5a120cf4?s=96&d=mm&r=g\",\"caption\":\"admin\"},\"sameAs\":[\"https:\/\/md.korty.org\"],\"url\":\"https:\/\/md.korty.org\/?author=1\"}]}<\/script>\n<!-- \/ Yoast SEO plugin. -->","yoast_head_json":{"title":"Olszynka kontra Morelowa TC w finale Mistrzostw Mazowsza Amator\u00f3w -","robots":{"index":"index","follow":"follow","max-snippet":"max-snippet:-1","max-image-preview":"max-image-preview:large","max-video-preview":"max-video-preview:-1"},"canonical":"https:\/\/md.korty.org\/?p=650","og_locale":"pl_PL","og_type":"article","og_title":"Olszynka kontra Morelowa TC w finale Mistrzostw Mazowsza Amator\u00f3w -","og_description":"Czwarta kolejka Dru\u017cynowych Mistrzostw Mazowsza Amator\u00f3w 2025 domkn\u0119\u0142a faz\u0119 grupow\u0105 i ostatecznie wy\u0142oni\u0142a pary fina\u0142owe. Emocji nie brakowa\u0142o w obu grupach \u2013 od pewnych zwyci\u0119stw faworyt\u00f3w, przez wa\u017cne mecze \u201eo tabel\u0119\u201d, po d\u0142ugo wyczekiwane prze\u0142amanie na dole stawki. Grupa A \u2013 Olszynka potwierdza dominacj\u0119, Break utrzymuje wicemistrza grupy W najciekawiej zapowiadaj\u0105cym si\u0119 meczu czwartej kolejki ... Dowiedz si\u0119 wi\u0119cej","og_url":"https:\/\/md.korty.org\/?p=650","article_published_time":"2025-11-24T11:09:01+00:00","article_modified_time":"2025-11-25T07:01:13+00:00","og_image":[{"width":1200,"height":797,"url":"https:\/\/md.korty.org\/wp-content\/uploads\/2025\/11\/tenis1005.jpg","type":"image\/jpeg"}],"author":"admin","twitter_card":"summary_large_image","twitter_misc":{"Napisane przez":"admin","Szacowany czas czytania":"7 minut"},"schema":{"@context":"https:\/\/schema.org","@graph":[{"@type":"WebPage","@id":"https:\/\/md.korty.org\/?p=650","url":"https:\/\/md.korty.org\/?p=650","name":"Olszynka kontra Morelowa TC w finale Mistrzostw Mazowsza Amator\u00f3w -","isPartOf":{"@id":"https:\/\/md.korty.org\/#website"},"primaryImageOfPage":{"@id":"https:\/\/md.korty.org\/?p=650#primaryimage"},"image":{"@id":"https:\/\/md.korty.org\/?p=650#primaryimage"},"thumbnailUrl":"https:\/\/md.korty.org\/wp-content\/uploads\/2025\/11\/tenis1005.jpg","datePublished":"2025-11-24T11:09:01+00:00","dateModified":"2025-11-25T07:01:13+00:00","author":{"@id":"https:\/\/md.korty.org\/#\/schema\/person\/95adaf5e66a8f6a899f638cac9eae635"},"breadcrumb":{"@id":"https:\/\/md.korty.org\/?p=650#breadcrumb"},"inLanguage":"pl-PL","potentialAction":[{"@type":"ReadAction","target":["https:\/\/md.korty.org\/?p=650"]}]},{"@type":"ImageObject","inLanguage":"pl-PL","@id":"https:\/\/md.korty.org\/?p=650#primaryimage","url":"https:\/\/md.korty.org\/wp-content\/uploads\/2025\/11\/tenis1005.jpg","contentUrl":"https:\/\/md.korty.org\/wp-content\/uploads\/2025\/11\/tenis1005.jpg","width":1200,"height":797},{"@type":"BreadcrumbList","@id":"https:\/\/md.korty.org\/?p=650#breadcrumb","itemListElement":[{"@type":"ListItem","position":1,"name":"Strona g\u0142\u00f3wna","item":"https:\/\/md.korty.org\/"},{"@type":"ListItem","position":2,"name":"Olszynka kontra Morelowa TC w finale Mistrzostw Mazowsza Amator\u00f3w"}]},{"@type":"WebSite","@id":"https:\/\/md.korty.org\/#website","url":"https:\/\/md.korty.org\/","name":"","description":"","potentialAction":[{"@type":"SearchAction","target":{"@type":"EntryPoint","urlTemplate":"https:\/\/md.korty.org\/?s={search_term_string}"},"query-input":{"@type":"PropertyValueSpecification","valueRequired":true,"valueName":"search_term_string"}}],"inLanguage":"pl-PL"},{"@type":"Person","@id":"https:\/\/md.korty.org\/#\/schema\/person\/95adaf5e66a8f6a899f638cac9eae635","name":"admin","image":{"@type":"ImageObject","inLanguage":"pl-PL","@id":"https:\/\/md.korty.org\/#\/schema\/person\/image\/","url":"https:\/\/secure.gravatar.com\/avatar\/965731b2fc33e384189523695f2b1a06e5a40db86b7f01b7855f99cb5a120cf4?s=96&d=mm&r=g","contentUrl":"https:\/\/secure.gravatar.com\/avatar\/965731b2fc33e384189523695f2b1a06e5a40db86b7f01b7855f99cb5a120cf4?s=96&d=mm&r=g","caption":"admin"},"sameAs":["https:\/\/md.korty.org"],"url":"https:\/\/md.korty.org\/?author=1"}]}},"_links":{"self":[{"href":"https:\/\/md.korty.org\/index.php?rest_route=\/wp\/v2\/posts\/650","targetHints":{"allow":["GET"]}}],"collection":[{"href":"https:\/\/md.korty.org\/index.php?rest_route=\/wp\/v2\/posts"}],"about":[{"href":"https:\/\/md.korty.org\/index.php?rest_route=\/wp\/v2\/types\/post"}],"author":[{"embeddable":true,"href":"https:\/\/md.korty.org\/index.php?rest_route=\/wp\/v2\/users\/1"}],"replies":[{"embeddable":true,"href":"https:\/\/md.korty.org\/index.php?rest_route=%2Fwp%2Fv2%2Fcomments&post=650"}],"version-history":[{"count":4,"href":"https:\/\/md.korty.org\/index.php?rest_route=\/wp\/v2\/posts\/650\/revisions"}],"predecessor-version":[{"id":657,"href":"https:\/\/md.korty.org\/index.php?rest_route=\/wp\/v2\/posts\/650\/revisions\/657"}],"wp:featuredmedia":[{"embeddable":true,"href":"https:\/\/md.korty.org\/index.php?rest_route=\/wp\/v2\/media\/651"}],"wp:attachment":[{"href":"https:\/\/md.korty.org\/index.php?rest_route=%2Fwp%2Fv2%2Fmedia&parent=650"}],"wp:term":[{"taxonomy":"category","embeddable":true,"href":"https:\/\/md.korty.org\/index.php?rest_route=%2Fwp%2Fv2%2Fcategories&post=650"},{"taxonomy":"post_tag","embeddable":true,"href":"https:\/\/md.korty.org\/index.php?rest_route=%2Fwp%2Fv2%2Ftags&post=650"}],"curies":[{"name":"wp","href":"https:\/\/api.w.org\/{rel}","templated":true}]}}