{"id":556,"date":"2025-10-07T21:31:51","date_gmt":"2025-10-07T21:31:51","guid":{"rendered":"https:\/\/md.korty.org\/?p=556"},"modified":"2025-10-07T21:32:41","modified_gmt":"2025-10-07T21:32:41","slug":"spojnia-dolna-i-kt-orzel-liderami-grup-po-1-kolejce-kategorii-amatorzy","status":"publish","type":"post","link":"https:\/\/md.korty.org\/?p=556","title":{"rendered":"Sp\u00f3jnia Dolna i KT Orze\u0142 liderami grup po 1 kolejce kategorii AMATORZY"},"content":{"rendered":"<p data-start=\"551\" data-end=\"768\">Za nami, przeprowadzona na raty, pierwsza kolejka inauguruj\u0105ca tegoroczne rozgrywki <strong data-start=\"626\" data-end=\"676\">Dru\u017cynowych Mistrzostw Mazowsza Amator\u00f3w (MMA)<\/strong>. W rywalizacji bierze udzia\u0142 dziesi\u0119\u0107 dru\u017cyn podzielonych na dwie grupy po pi\u0119\u0107 zespo\u0142\u00f3w. Aby unikn\u0105\u0107 pauz \u2013 zastosowano <strong data-start=\"897\" data-end=\"930\">mecze krzy\u017cowe mi\u0119dzy grupami<\/strong>, co zapewnia regularn\u0105 gr\u0119 wszystkim uczestnikom.<\/p>\n<p data-start=\"770\" data-end=\"1109\">W grupie <strong data-start=\"779\" data-end=\"784\">A<\/strong> bardzo udanie sezon rozpocz\u0119\u0142y <strong data-start=\"816\" data-end=\"833\">Sp\u00f3jnia Dolna<\/strong> oraz <strong data-start=\"839\" data-end=\"851\">KT Break<\/strong>, kt\u00f3re odnios\u0142y przekonuj\u0105ce zwyci\u0119stwa \u2013 odpowiednio 4:0 z Park Tennis Academy i 3:1 z KT Olszynka. W meczu krzy\u017cowym <strong data-start=\"975\" data-end=\"989\">TenisPoint<\/strong> uleg\u0142 <strong data-start=\"996\" data-end=\"1013\">Arenie Tenisa<\/strong> 0:2. Z powodu pozasportowego incydentu na korcie podj\u0119to decyzj\u0119 o przerwaniu gier i anulowaniu dw\u00f3ch pozosta\u0142ych pojedynk\u00f3w: singlowego i deblowego.<\/p>\n<p data-start=\"1111\" data-end=\"1364\">W grupie <strong data-start=\"1120\" data-end=\"1125\">B<\/strong> zdominowa\u0142 rywali <strong data-start=\"1144\" data-end=\"1156\">KT Orze\u0142<\/strong>, nie oddaj\u0105c \u017cadnej gry w meczu z Tie Breakiem (4:0). Remisem 2:2 zako\u0144czy\u0142o si\u0119 wyr\u00f3wnane starcie <strong data-start=\"1256\" data-end=\"1272\">Morelowej TC<\/strong> z <strong data-start=\"1275\" data-end=\"1291\">Warszawiank\u0105<\/strong>, gdzie obie ekipy pokaza\u0142y solidn\u0105 form\u0119 i zaci\u0119te pojedynki singlowe.<\/p>\n<p data-start=\"1366\" data-end=\"1503\">Po pierwszej kolejce liderami s\u0105 zatem <strong data-start=\"1405\" data-end=\"1422\">Sp\u00f3jnia Dolna<\/strong> i <strong data-start=\"1425\" data-end=\"1437\">KT Orze\u0142<\/strong>, kt\u00f3re mog\u0105 pochwali\u0107 si\u0119 kompletem zwyci\u0119stw w swoich grupach.<\/p>\n<h3 data-start=\"987\" data-end=\"1022\">\ud83c\udff8 Wyniki 1. kolejki<\/h3>\n<p data-start=\"1024\" data-end=\"1259\"><strong data-start=\"1024\" data-end=\"1054\">KT Break \u2013 KT Olszynka 3:1<\/strong><br data-start=\"1054\" data-end=\"1057\" \/>Maciej Wysocki \u2013 Pawe\u0142 Malendowicz 6\/4 2\/6 10-4<br data-start=\"1104\" data-end=\"1107\" \/>Wojciech Stuchlik \u2013 Maciek Jasie\u0144ski 6\/1 6\/2<br data-start=\"1151\" data-end=\"1154\" \/>Jakub Walewski \u2013 Tymoteusz Kaczmarek 6\/7(6) 6\/2 7-10<br data-start=\"1206\" data-end=\"1209\" \/>Morawski, Wysocki \u2013 Malendowicz, Siperek 6\/0 6\/4<\/p>\n<p data-start=\"1261\" data-end=\"1498\"><strong data-start=\"1261\" data-end=\"1295\">Morelowa TC \u2013 Warszawianka 2:2<\/strong><br data-start=\"1295\" data-end=\"1298\" \/>Jan Pa\u0142czy\u0144ski \u2013 Filip Gorloff 1\/6 4\/6<br data-start=\"1336\" data-end=\"1339\" \/>Patryk Sadowski \u2013 Tomasz J\u0119drzejewski 6\/2 6\/4<br data-start=\"1384\" data-end=\"1387\" \/>Krzysztof Zbyrasz \u2013 Dan Champion 6\/4 6\/0<br data-start=\"1427\" data-end=\"1430\" \/>Sadowski, Kabulski \u2013 T. J\u0119drzejewski, M. J\u0119drzejewski 6\/7 6\/2 2-10<\/p>\n<p data-start=\"1500\" data-end=\"1729\"><strong data-start=\"1500\" data-end=\"1528\">KT Orze\u0142 \u2013 Tie Break 4:0<\/strong><br data-start=\"1528\" data-end=\"1531\" \/>Artur Romanowski \u2013 Cezary Lasota 6\/0 6\/1<br data-start=\"1571\" data-end=\"1574\" \/>Lucian Szatkiewicz \u2013 Micha\u0142 Mo\u015bcicki 6\/0 6\/0<br data-start=\"1618\" data-end=\"1621\" \/>Krzysztof Kubarski \u2013 Andrzej Sobkowicz 2\/6 6\/4 10-4<br data-start=\"1672\" data-end=\"1675\" \/>K. Romanowski, Szeremeta \u2013 Sobkowicz, Lasota 6\/4 7\/5<\/p>\n<p data-start=\"1731\" data-end=\"1971\"><strong data-start=\"1731\" data-end=\"1781\">TenisPoint \u2013 Arena Tenisa 0:2 (mecz przerwany)<\/strong><br data-start=\"1781\" data-end=\"1784\" \/>Mateusz Ba\u0144bu\u0142a \u2013 Patryk Stokowski 1\/6 0\/6<br data-start=\"1826\" data-end=\"1829\" \/>Maciej Nowak \u2013 Rafa\u0142 Sitarz 1\/6 6\/7<br data-start=\"1864\" data-end=\"1867\" \/>Dwa pozosta\u0142e mecze anulowane po <strong data-start=\"1900\" data-end=\"1928\">incydencie pozasportowym<\/strong> uniemo\u017cliwiaj\u0105cym doko\u0144czenie spotkania.<\/p>\n<p data-start=\"1973\" data-end=\"2209\"><strong data-start=\"1973\" data-end=\"2016\">Park Tennis Academy \u2013 Sp\u00f3jnia Dolna 0:4<\/strong><br data-start=\"2016\" data-end=\"2019\" \/>Szymon Marcinkowski \u2013 Igor Deyna 6\/4 4\/6 7-10<br data-start=\"2064\" data-end=\"2067\" \/>Piotr K\u0142os \u2013 Tomasz Wawrzyniak 0\/6 7\/6 7-10<br data-start=\"2110\" data-end=\"2113\" \/>\u0141ukasz Sypu\u0142a \u2013 Leszek Naskr\u0119cki 1\/6 1\/6<br data-start=\"2153\" data-end=\"2156\" \/>Romanowski, Czech \u2013 Wawrzyniak, Samoj\u0142owicz 0\/6 0\/6<\/p>\n<hr data-start=\"2211\" data-end=\"2214\" \/>\n<h3 data-start=\"2216\" data-end=\"2243\">\ud83d\udcca Tabele po 1. kolejce<\/h3>\n<h4 data-start=\"2245\" data-end=\"2257\">Grupa A<\/p>\n<table>\n<tr>\n<th>Poz<\/th>\n<th>Dru\u017cyna<\/th>\n<th>M.<\/th>\n<th>Z.<\/th>\n<th>R.<\/th>\n<th>P.<\/th>\n<th>Punkty<\/th>\n<th>Bilans<\/th>\n<th>Sety<\/th>\n<\/tr>\n<tr>\n<td>1<\/td>\n<td><strong>Sp\u00f3jnia Dolna<\/strong><\/td>\n<td>1<\/td>\n<td>1<\/td>\n<td>0<\/td>\n<td>0<\/td>\n<td>4-0<\/td>\n<td>+4<\/td>\n<td>8-2<\/td>\n<\/tr>\n<tr>\n<td>2<\/td>\n<td><strong>KT Break<\/strong><\/td>\n<td>1<\/td>\n<td>1<\/td>\n<td>0<\/td>\n<td>0<\/td>\n<td>3-1<\/td>\n<td>+2<\/td>\n<td>7-3<\/td>\n<\/tr>\n<tr>\n<td>3<\/td>\n<td><strong>KT Olszynka<\/strong><\/td>\n<td>1<\/td>\n<td>0<\/td>\n<td>0<\/td>\n<td>1<\/td>\n<td>1-3<\/td>\n<td>-2<\/td>\n<td>3-7<\/td>\n<\/tr>\n<tr>\n<td>4<\/td>\n<td><strong>TenisPoint<\/strong><\/td>\n<td>1<\/td>\n<td>0<\/td>\n<td>0<\/td>\n<td>1<\/td>\n<td>0-2<\/td>\n<td>-2<\/td>\n<td>0-4<\/td>\n<\/tr>\n<tr>\n<td>5<\/td>\n<td><strong>Park Tennis Academy<\/strong><\/td>\n<td>1<\/td>\n<td>0<\/td>\n<td>0<\/td>\n<td>1<\/td>\n<td>0-4<\/td>\n<td>-4<\/td>\n<td>2-8<\/td>\n<\/tr>\n<\/table>\n<p>Grupa B<\/p>\n<table>\n<tr>\n<th>Poz<\/th>\n<th>Dru\u017cyna<\/th>\n<th>M.<\/th>\n<th>Z.<\/th>\n<th>R.<\/th>\n<th>P.<\/th>\n<th>Punkty<\/th>\n<th>Bilans<\/th>\n<th>Sety<\/th>\n<\/tr>\n<tr>\n<td>1<\/td>\n<td><strong>KT Orze\u0142<\/strong><\/td>\n<td>1<\/td>\n<td>1<\/td>\n<td>0<\/td>\n<td>0<\/td>\n<td>4-0<\/td>\n<td>+4<\/td>\n<td>8-2<\/td>\n<\/tr>\n<tr>\n<td>2<\/td>\n<td><strong>Arena Tenisa<\/strong><\/td>\n<td>1<\/td>\n<td>1<\/td>\n<td>0<\/td>\n<td>0<\/td>\n<td>2-0<\/td>\n<td>+2<\/td>\n<td>4-0<\/td>\n<\/tr>\n<tr>\n<td>3<\/td>\n<td><strong>Morelowa TC<\/strong><\/td>\n<td>1<\/td>\n<td>0<\/td>\n<td>1<\/td>\n<td>0<\/td>\n<td>2-2<\/td>\n<td>0<\/td>\n<td>5-4<\/td>\n<\/tr>\n<tr>\n<td>4<\/td>\n<td><strong>Warszawianka<\/strong><\/td>\n<td>1<\/td>\n<td>0<\/td>\n<td>1<\/td>\n<td>0<\/td>\n<td>2-2<\/td>\n<td>0<\/td>\n<td>4-5<\/td>\n<\/tr>\n<tr>\n<td>5<\/td>\n<td><strong>Tie Break<\/strong><\/td>\n<td>1<\/td>\n<td>0<\/td>\n<td>0<\/td>\n<td>1<\/td>\n<td>0-4<\/td>\n<td>-4<\/td>\n<td>2-8<\/td>\n<\/tr>\n<\/table>\n","protected":false},"excerpt":{"rendered":"<p>Za nami, przeprowadzona na raty, pierwsza kolejka inauguruj\u0105ca tegoroczne rozgrywki Dru\u017cynowych Mistrzostw Mazowsza Amator\u00f3w (MMA). W rywalizacji bierze udzia\u0142 dziesi\u0119\u0107 dru\u017cyn podzielonych na dwie grupy po pi\u0119\u0107 zespo\u0142\u00f3w. Aby unikn\u0105\u0107 pauz \u2013 zastosowano mecze krzy\u017cowe mi\u0119dzy grupami, co zapewnia regularn\u0105 gr\u0119 wszystkim uczestnikom. W grupie A bardzo udanie sezon rozpocz\u0119\u0142y Sp\u00f3jnia Dolna oraz KT Break, &#8230; <a title=\"Sp\u00f3jnia Dolna i KT Orze\u0142 liderami grup po 1 kolejce kategorii AMATORZY\" class=\"read-more\" href=\"https:\/\/md.korty.org\/?p=556\" aria-label=\"Read more about Sp\u00f3jnia Dolna i KT Orze\u0142 liderami grup po 1 kolejce kategorii AMATORZY\">Dowiedz si\u0119 wi\u0119cej<\/a><\/p>\n","protected":false},"author":1,"featured_media":557,"comment_status":"closed","ping_status":"open","sticky":false,"template":"","format":"standard","meta":{"footnotes":""},"categories":[1],"tags":[],"class_list":["post-556","post","type-post","status-publish","format-standard","has-post-thumbnail","hentry","category-dmma"],"yoast_head":"<!-- This site is optimized with the Yoast SEO plugin v23.5 - https:\/\/yoast.com\/wordpress\/plugins\/seo\/ -->\n<title>Sp\u00f3jnia Dolna i KT Orze\u0142 liderami grup po 1 kolejce kategorii AMATORZY -<\/title>\n<meta name=\"robots\" content=\"index, follow, max-snippet:-1, max-image-preview:large, max-video-preview:-1\" \/>\n<link rel=\"canonical\" href=\"https:\/\/md.korty.org\/?p=556\" \/>\n<meta property=\"og:locale\" content=\"pl_PL\" \/>\n<meta property=\"og:type\" content=\"article\" \/>\n<meta property=\"og:title\" content=\"Sp\u00f3jnia Dolna i KT Orze\u0142 liderami grup po 1 kolejce kategorii AMATORZY -\" \/>\n<meta property=\"og:description\" content=\"Za nami, przeprowadzona na raty, pierwsza kolejka inauguruj\u0105ca tegoroczne rozgrywki Dru\u017cynowych Mistrzostw Mazowsza Amator\u00f3w (MMA). W rywalizacji bierze udzia\u0142 dziesi\u0119\u0107 dru\u017cyn podzielonych na dwie grupy po pi\u0119\u0107 zespo\u0142\u00f3w. Aby unikn\u0105\u0107 pauz \u2013 zastosowano mecze krzy\u017cowe mi\u0119dzy grupami, co zapewnia regularn\u0105 gr\u0119 wszystkim uczestnikom. W grupie A bardzo udanie sezon rozpocz\u0119\u0142y Sp\u00f3jnia Dolna oraz KT Break, ... Dowiedz si\u0119 wi\u0119cej\" \/>\n<meta property=\"og:url\" content=\"https:\/\/md.korty.org\/?p=556\" \/>\n<meta property=\"article:published_time\" content=\"2025-10-07T21:31:51+00:00\" \/>\n<meta property=\"article:modified_time\" content=\"2025-10-07T21:32:41+00:00\" \/>\n<meta property=\"og:image\" content=\"https:\/\/md.korty.org\/wp-content\/uploads\/2025\/10\/Fotolia_2230784_Subscription_L-scaled.jpg\" \/>\n\t<meta property=\"og:image:width\" content=\"2560\" \/>\n\t<meta property=\"og:image:height\" content=\"1062\" \/>\n\t<meta property=\"og:image:type\" content=\"image\/jpeg\" \/>\n<meta name=\"author\" content=\"admin\" \/>\n<meta name=\"twitter:card\" content=\"summary_large_image\" \/>\n<meta name=\"twitter:label1\" content=\"Napisane przez\" \/>\n\t<meta name=\"twitter:data1\" content=\"admin\" \/>\n\t<meta name=\"twitter:label2\" content=\"Szacowany czas czytania\" \/>\n\t<meta name=\"twitter:data2\" content=\"3 minuty\" \/>\n<script type=\"application\/ld+json\" class=\"yoast-schema-graph\">{\"@context\":\"https:\/\/schema.org\",\"@graph\":[{\"@type\":\"WebPage\",\"@id\":\"https:\/\/md.korty.org\/?p=556\",\"url\":\"https:\/\/md.korty.org\/?p=556\",\"name\":\"Sp\u00f3jnia Dolna i KT Orze\u0142 liderami grup po 1 kolejce kategorii AMATORZY -\",\"isPartOf\":{\"@id\":\"https:\/\/md.korty.org\/#website\"},\"primaryImageOfPage\":{\"@id\":\"https:\/\/md.korty.org\/?p=556#primaryimage\"},\"image\":{\"@id\":\"https:\/\/md.korty.org\/?p=556#primaryimage\"},\"thumbnailUrl\":\"https:\/\/md.korty.org\/wp-content\/uploads\/2025\/10\/Fotolia_2230784_Subscription_L-scaled.jpg\",\"datePublished\":\"2025-10-07T21:31:51+00:00\",\"dateModified\":\"2025-10-07T21:32:41+00:00\",\"author\":{\"@id\":\"https:\/\/md.korty.org\/#\/schema\/person\/95adaf5e66a8f6a899f638cac9eae635\"},\"breadcrumb\":{\"@id\":\"https:\/\/md.korty.org\/?p=556#breadcrumb\"},\"inLanguage\":\"pl-PL\",\"potentialAction\":[{\"@type\":\"ReadAction\",\"target\":[\"https:\/\/md.korty.org\/?p=556\"]}]},{\"@type\":\"ImageObject\",\"inLanguage\":\"pl-PL\",\"@id\":\"https:\/\/md.korty.org\/?p=556#primaryimage\",\"url\":\"https:\/\/md.korty.org\/wp-content\/uploads\/2025\/10\/Fotolia_2230784_Subscription_L-scaled.jpg\",\"contentUrl\":\"https:\/\/md.korty.org\/wp-content\/uploads\/2025\/10\/Fotolia_2230784_Subscription_L-scaled.jpg\",\"width\":2560,\"height\":1062},{\"@type\":\"BreadcrumbList\",\"@id\":\"https:\/\/md.korty.org\/?p=556#breadcrumb\",\"itemListElement\":[{\"@type\":\"ListItem\",\"position\":1,\"name\":\"Strona g\u0142\u00f3wna\",\"item\":\"https:\/\/md.korty.org\/\"},{\"@type\":\"ListItem\",\"position\":2,\"name\":\"Sp\u00f3jnia Dolna i KT Orze\u0142 liderami grup po 1 kolejce kategorii AMATORZY\"}]},{\"@type\":\"WebSite\",\"@id\":\"https:\/\/md.korty.org\/#website\",\"url\":\"https:\/\/md.korty.org\/\",\"name\":\"\",\"description\":\"\",\"potentialAction\":[{\"@type\":\"SearchAction\",\"target\":{\"@type\":\"EntryPoint\",\"urlTemplate\":\"https:\/\/md.korty.org\/?s={search_term_string}\"},\"query-input\":{\"@type\":\"PropertyValueSpecification\",\"valueRequired\":true,\"valueName\":\"search_term_string\"}}],\"inLanguage\":\"pl-PL\"},{\"@type\":\"Person\",\"@id\":\"https:\/\/md.korty.org\/#\/schema\/person\/95adaf5e66a8f6a899f638cac9eae635\",\"name\":\"admin\",\"image\":{\"@type\":\"ImageObject\",\"inLanguage\":\"pl-PL\",\"@id\":\"https:\/\/md.korty.org\/#\/schema\/person\/image\/\",\"url\":\"https:\/\/secure.gravatar.com\/avatar\/965731b2fc33e384189523695f2b1a06e5a40db86b7f01b7855f99cb5a120cf4?s=96&d=mm&r=g\",\"contentUrl\":\"https:\/\/secure.gravatar.com\/avatar\/965731b2fc33e384189523695f2b1a06e5a40db86b7f01b7855f99cb5a120cf4?s=96&d=mm&r=g\",\"caption\":\"admin\"},\"sameAs\":[\"https:\/\/md.korty.org\"],\"url\":\"https:\/\/md.korty.org\/?author=1\"}]}<\/script>\n<!-- \/ Yoast SEO plugin. -->","yoast_head_json":{"title":"Sp\u00f3jnia Dolna i KT Orze\u0142 liderami grup po 1 kolejce kategorii AMATORZY -","robots":{"index":"index","follow":"follow","max-snippet":"max-snippet:-1","max-image-preview":"max-image-preview:large","max-video-preview":"max-video-preview:-1"},"canonical":"https:\/\/md.korty.org\/?p=556","og_locale":"pl_PL","og_type":"article","og_title":"Sp\u00f3jnia Dolna i KT Orze\u0142 liderami grup po 1 kolejce kategorii AMATORZY -","og_description":"Za nami, przeprowadzona na raty, pierwsza kolejka inauguruj\u0105ca tegoroczne rozgrywki Dru\u017cynowych Mistrzostw Mazowsza Amator\u00f3w (MMA). W rywalizacji bierze udzia\u0142 dziesi\u0119\u0107 dru\u017cyn podzielonych na dwie grupy po pi\u0119\u0107 zespo\u0142\u00f3w. Aby unikn\u0105\u0107 pauz \u2013 zastosowano mecze krzy\u017cowe mi\u0119dzy grupami, co zapewnia regularn\u0105 gr\u0119 wszystkim uczestnikom. W grupie A bardzo udanie sezon rozpocz\u0119\u0142y Sp\u00f3jnia Dolna oraz KT Break, ... Dowiedz si\u0119 wi\u0119cej","og_url":"https:\/\/md.korty.org\/?p=556","article_published_time":"2025-10-07T21:31:51+00:00","article_modified_time":"2025-10-07T21:32:41+00:00","og_image":[{"width":2560,"height":1062,"url":"https:\/\/md.korty.org\/wp-content\/uploads\/2025\/10\/Fotolia_2230784_Subscription_L-scaled.jpg","type":"image\/jpeg"}],"author":"admin","twitter_card":"summary_large_image","twitter_misc":{"Napisane przez":"admin","Szacowany czas czytania":"3 minuty"},"schema":{"@context":"https:\/\/schema.org","@graph":[{"@type":"WebPage","@id":"https:\/\/md.korty.org\/?p=556","url":"https:\/\/md.korty.org\/?p=556","name":"Sp\u00f3jnia Dolna i KT Orze\u0142 liderami grup po 1 kolejce kategorii AMATORZY -","isPartOf":{"@id":"https:\/\/md.korty.org\/#website"},"primaryImageOfPage":{"@id":"https:\/\/md.korty.org\/?p=556#primaryimage"},"image":{"@id":"https:\/\/md.korty.org\/?p=556#primaryimage"},"thumbnailUrl":"https:\/\/md.korty.org\/wp-content\/uploads\/2025\/10\/Fotolia_2230784_Subscription_L-scaled.jpg","datePublished":"2025-10-07T21:31:51+00:00","dateModified":"2025-10-07T21:32:41+00:00","author":{"@id":"https:\/\/md.korty.org\/#\/schema\/person\/95adaf5e66a8f6a899f638cac9eae635"},"breadcrumb":{"@id":"https:\/\/md.korty.org\/?p=556#breadcrumb"},"inLanguage":"pl-PL","potentialAction":[{"@type":"ReadAction","target":["https:\/\/md.korty.org\/?p=556"]}]},{"@type":"ImageObject","inLanguage":"pl-PL","@id":"https:\/\/md.korty.org\/?p=556#primaryimage","url":"https:\/\/md.korty.org\/wp-content\/uploads\/2025\/10\/Fotolia_2230784_Subscription_L-scaled.jpg","contentUrl":"https:\/\/md.korty.org\/wp-content\/uploads\/2025\/10\/Fotolia_2230784_Subscription_L-scaled.jpg","width":2560,"height":1062},{"@type":"BreadcrumbList","@id":"https:\/\/md.korty.org\/?p=556#breadcrumb","itemListElement":[{"@type":"ListItem","position":1,"name":"Strona g\u0142\u00f3wna","item":"https:\/\/md.korty.org\/"},{"@type":"ListItem","position":2,"name":"Sp\u00f3jnia Dolna i KT Orze\u0142 liderami grup po 1 kolejce kategorii AMATORZY"}]},{"@type":"WebSite","@id":"https:\/\/md.korty.org\/#website","url":"https:\/\/md.korty.org\/","name":"","description":"","potentialAction":[{"@type":"SearchAction","target":{"@type":"EntryPoint","urlTemplate":"https:\/\/md.korty.org\/?s={search_term_string}"},"query-input":{"@type":"PropertyValueSpecification","valueRequired":true,"valueName":"search_term_string"}}],"inLanguage":"pl-PL"},{"@type":"Person","@id":"https:\/\/md.korty.org\/#\/schema\/person\/95adaf5e66a8f6a899f638cac9eae635","name":"admin","image":{"@type":"ImageObject","inLanguage":"pl-PL","@id":"https:\/\/md.korty.org\/#\/schema\/person\/image\/","url":"https:\/\/secure.gravatar.com\/avatar\/965731b2fc33e384189523695f2b1a06e5a40db86b7f01b7855f99cb5a120cf4?s=96&d=mm&r=g","contentUrl":"https:\/\/secure.gravatar.com\/avatar\/965731b2fc33e384189523695f2b1a06e5a40db86b7f01b7855f99cb5a120cf4?s=96&d=mm&r=g","caption":"admin"},"sameAs":["https:\/\/md.korty.org"],"url":"https:\/\/md.korty.org\/?author=1"}]}},"_links":{"self":[{"href":"https:\/\/md.korty.org\/index.php?rest_route=\/wp\/v2\/posts\/556","targetHints":{"allow":["GET"]}}],"collection":[{"href":"https:\/\/md.korty.org\/index.php?rest_route=\/wp\/v2\/posts"}],"about":[{"href":"https:\/\/md.korty.org\/index.php?rest_route=\/wp\/v2\/types\/post"}],"author":[{"embeddable":true,"href":"https:\/\/md.korty.org\/index.php?rest_route=\/wp\/v2\/users\/1"}],"replies":[{"embeddable":true,"href":"https:\/\/md.korty.org\/index.php?rest_route=%2Fwp%2Fv2%2Fcomments&post=556"}],"version-history":[{"count":2,"href":"https:\/\/md.korty.org\/index.php?rest_route=\/wp\/v2\/posts\/556\/revisions"}],"predecessor-version":[{"id":559,"href":"https:\/\/md.korty.org\/index.php?rest_route=\/wp\/v2\/posts\/556\/revisions\/559"}],"wp:featuredmedia":[{"embeddable":true,"href":"https:\/\/md.korty.org\/index.php?rest_route=\/wp\/v2\/media\/557"}],"wp:attachment":[{"href":"https:\/\/md.korty.org\/index.php?rest_route=%2Fwp%2Fv2%2Fmedia&parent=556"}],"wp:term":[{"taxonomy":"category","embeddable":true,"href":"https:\/\/md.korty.org\/index.php?rest_route=%2Fwp%2Fv2%2Fcategories&post=556"},{"taxonomy":"post_tag","embeddable":true,"href":"https:\/\/md.korty.org\/index.php?rest_route=%2Fwp%2Fv2%2Ftags&post=556"}],"curies":[{"name":"wp","href":"https:\/\/api.w.org\/{rel}","templated":true}]}}