{"id":471,"date":"2025-09-01T19:56:48","date_gmt":"2025-09-01T19:56:48","guid":{"rendered":"https:\/\/md.korty.org\/?p=471"},"modified":"2025-09-03T19:57:53","modified_gmt":"2025-09-03T19:57:53","slug":"zapraszamy-do-rywalizacji-w-sezonie-2025","status":"publish","type":"post","link":"https:\/\/md.korty.org\/?p=471","title":{"rendered":"Zapraszamy do rywalizacji w sezonie 2025"},"content":{"rendered":"<p><strong>Warszawsko-Mazowiecki Zwi\u0105zek Tenisowy<\/strong> oraz <strong>Ministerstwo Sportu i Turystyki<\/strong> maj\u0105 przyjemno\u015b\u0107 zaprosi\u0107 kluby, akademie i zespo\u0142y amatorskie z wojew\u00f3dztwa mazowieckiego do udzia\u0142u w rozgrywkach kt\u00f3rych celem jest wy\u0142onienie najlepszych dru\u017cyn wojew\u00f3dztwa w dw\u00f3ch kategoriach: <span style=\"font-size: inherit;\"><strong>AMATORZY<\/strong> i <strong>SENIORZY 50+<\/strong>. <\/span><\/p>\n<p><span style=\"font-size: inherit;\">W zawodach mog\u0105 wzi\u0105\u0107 udzia\u0142 wszyscy amatorzy tenisa, niezale\u017cnie od poziomu umiej\u0119tno\u015bci. Rywalizacja rozpocznie si\u0119 <strong>20 wrze\u015bnia<\/strong> i potrwa do 7 grudnia 2025 roku.<\/span><\/p>\n<ul>\n<li>Zespo\u0142y powinny sk\u0142ada\u0107 si\u0119 z minimum pi\u0119ciu zawodnik\u00f3w.<\/li>\n<li>Format mecz\u00f3w: trzy pojedynki singlowe i jedna gra deblowa.<\/li>\n<li>Kategoria AMATORZY sk\u0142ada si\u0119 z dw\u00f3ch singli open, jednego singla open amator oraz debla open<\/li>\n<li>W kategorii AMATORZY obowi\u0105zuj\u0105 definicje amator\u00f3w i karencje z programu TOP PZT.<\/li>\n<li>Kategoria SENIORZY sk\u0142ada si\u0119 z singli 50, 55 i 60 oraz debla 50<\/li>\n<li>Ministerstwo Sportu i Turystyki zapewnia cz\u0119\u015bciowy zwrot koszt\u00f3w wynajmu kort\u00f3w.<\/li>\n<\/ul>\n","protected":false},"excerpt":{"rendered":"<p>Warszawsko-Mazowiecki Zwi\u0105zek Tenisowy oraz Ministerstwo Sportu i Turystyki maj\u0105 przyjemno\u015b\u0107 zaprosi\u0107 kluby, akademie i zespo\u0142y amatorskie z wojew\u00f3dztwa mazowieckiego do udzia\u0142u w rozgrywkach kt\u00f3rych celem jest wy\u0142onienie najlepszych dru\u017cyn wojew\u00f3dztwa w dw\u00f3ch kategoriach: AMATORZY i SENIORZY 50+. W zawodach mog\u0105 wzi\u0105\u0107 udzia\u0142 wszyscy amatorzy tenisa, niezale\u017cnie od poziomu umiej\u0119tno\u015bci. Rywalizacja rozpocznie si\u0119 20 wrze\u015bnia i &#8230; <a title=\"Zapraszamy do rywalizacji w sezonie 2025\" class=\"read-more\" href=\"https:\/\/md.korty.org\/?p=471\" aria-label=\"Read more about Zapraszamy do rywalizacji w sezonie 2025\">Dowiedz si\u0119 wi\u0119cej<\/a><\/p>\n","protected":false},"author":1,"featured_media":0,"comment_status":"closed","ping_status":"open","sticky":false,"template":"","format":"standard","meta":{"footnotes":""},"categories":[1],"tags":[],"class_list":["post-471","post","type-post","status-publish","format-standard","hentry","category-dmma"],"yoast_head":"<!-- This site is optimized with the Yoast SEO plugin v23.5 - https:\/\/yoast.com\/wordpress\/plugins\/seo\/ -->\n<title>Zapraszamy do rywalizacji w sezonie 2025 -<\/title>\n<meta name=\"robots\" content=\"index, follow, max-snippet:-1, max-image-preview:large, max-video-preview:-1\" \/>\n<link rel=\"canonical\" href=\"https:\/\/md.korty.org\/?p=471\" \/>\n<meta property=\"og:locale\" content=\"pl_PL\" \/>\n<meta property=\"og:type\" content=\"article\" \/>\n<meta property=\"og:title\" content=\"Zapraszamy do rywalizacji w sezonie 2025 -\" \/>\n<meta property=\"og:description\" content=\"Warszawsko-Mazowiecki Zwi\u0105zek Tenisowy oraz Ministerstwo Sportu i Turystyki maj\u0105 przyjemno\u015b\u0107 zaprosi\u0107 kluby, akademie i zespo\u0142y amatorskie z wojew\u00f3dztwa mazowieckiego do udzia\u0142u w rozgrywkach kt\u00f3rych celem jest wy\u0142onienie najlepszych dru\u017cyn wojew\u00f3dztwa w dw\u00f3ch kategoriach: AMATORZY i SENIORZY 50+. W zawodach mog\u0105 wzi\u0105\u0107 udzia\u0142 wszyscy amatorzy tenisa, niezale\u017cnie od poziomu umiej\u0119tno\u015bci. Rywalizacja rozpocznie si\u0119 20 wrze\u015bnia i ... Dowiedz si\u0119 wi\u0119cej\" \/>\n<meta property=\"og:url\" content=\"https:\/\/md.korty.org\/?p=471\" \/>\n<meta property=\"article:published_time\" content=\"2025-09-01T19:56:48+00:00\" \/>\n<meta property=\"article:modified_time\" content=\"2025-09-03T19:57:53+00:00\" \/>\n<meta name=\"author\" content=\"admin\" \/>\n<meta name=\"twitter:card\" content=\"summary_large_image\" \/>\n<meta name=\"twitter:label1\" content=\"Napisane przez\" \/>\n\t<meta name=\"twitter:data1\" content=\"admin\" \/>\n\t<meta name=\"twitter:label2\" content=\"Szacowany czas czytania\" \/>\n\t<meta name=\"twitter:data2\" content=\"1 minuta\" \/>\n<script type=\"application\/ld+json\" class=\"yoast-schema-graph\">{\"@context\":\"https:\/\/schema.org\",\"@graph\":[{\"@type\":\"WebPage\",\"@id\":\"https:\/\/md.korty.org\/?p=471\",\"url\":\"https:\/\/md.korty.org\/?p=471\",\"name\":\"Zapraszamy do rywalizacji w sezonie 2025 -\",\"isPartOf\":{\"@id\":\"https:\/\/md.korty.org\/#website\"},\"datePublished\":\"2025-09-01T19:56:48+00:00\",\"dateModified\":\"2025-09-03T19:57:53+00:00\",\"author\":{\"@id\":\"https:\/\/md.korty.org\/#\/schema\/person\/95adaf5e66a8f6a899f638cac9eae635\"},\"breadcrumb\":{\"@id\":\"https:\/\/md.korty.org\/?p=471#breadcrumb\"},\"inLanguage\":\"pl-PL\",\"potentialAction\":[{\"@type\":\"ReadAction\",\"target\":[\"https:\/\/md.korty.org\/?p=471\"]}]},{\"@type\":\"BreadcrumbList\",\"@id\":\"https:\/\/md.korty.org\/?p=471#breadcrumb\",\"itemListElement\":[{\"@type\":\"ListItem\",\"position\":1,\"name\":\"Strona g\u0142\u00f3wna\",\"item\":\"https:\/\/md.korty.org\/\"},{\"@type\":\"ListItem\",\"position\":2,\"name\":\"Zapraszamy do rywalizacji w sezonie 2025\"}]},{\"@type\":\"WebSite\",\"@id\":\"https:\/\/md.korty.org\/#website\",\"url\":\"https:\/\/md.korty.org\/\",\"name\":\"\",\"description\":\"\",\"potentialAction\":[{\"@type\":\"SearchAction\",\"target\":{\"@type\":\"EntryPoint\",\"urlTemplate\":\"https:\/\/md.korty.org\/?s={search_term_string}\"},\"query-input\":{\"@type\":\"PropertyValueSpecification\",\"valueRequired\":true,\"valueName\":\"search_term_string\"}}],\"inLanguage\":\"pl-PL\"},{\"@type\":\"Person\",\"@id\":\"https:\/\/md.korty.org\/#\/schema\/person\/95adaf5e66a8f6a899f638cac9eae635\",\"name\":\"admin\",\"image\":{\"@type\":\"ImageObject\",\"inLanguage\":\"pl-PL\",\"@id\":\"https:\/\/md.korty.org\/#\/schema\/person\/image\/\",\"url\":\"https:\/\/secure.gravatar.com\/avatar\/965731b2fc33e384189523695f2b1a06e5a40db86b7f01b7855f99cb5a120cf4?s=96&d=mm&r=g\",\"contentUrl\":\"https:\/\/secure.gravatar.com\/avatar\/965731b2fc33e384189523695f2b1a06e5a40db86b7f01b7855f99cb5a120cf4?s=96&d=mm&r=g\",\"caption\":\"admin\"},\"sameAs\":[\"https:\/\/md.korty.org\"],\"url\":\"https:\/\/md.korty.org\/?author=1\"}]}<\/script>\n<!-- \/ Yoast SEO plugin. -->","yoast_head_json":{"title":"Zapraszamy do rywalizacji w sezonie 2025 -","robots":{"index":"index","follow":"follow","max-snippet":"max-snippet:-1","max-image-preview":"max-image-preview:large","max-video-preview":"max-video-preview:-1"},"canonical":"https:\/\/md.korty.org\/?p=471","og_locale":"pl_PL","og_type":"article","og_title":"Zapraszamy do rywalizacji w sezonie 2025 -","og_description":"Warszawsko-Mazowiecki Zwi\u0105zek Tenisowy oraz Ministerstwo Sportu i Turystyki maj\u0105 przyjemno\u015b\u0107 zaprosi\u0107 kluby, akademie i zespo\u0142y amatorskie z wojew\u00f3dztwa mazowieckiego do udzia\u0142u w rozgrywkach kt\u00f3rych celem jest wy\u0142onienie najlepszych dru\u017cyn wojew\u00f3dztwa w dw\u00f3ch kategoriach: AMATORZY i SENIORZY 50+. W zawodach mog\u0105 wzi\u0105\u0107 udzia\u0142 wszyscy amatorzy tenisa, niezale\u017cnie od poziomu umiej\u0119tno\u015bci. Rywalizacja rozpocznie si\u0119 20 wrze\u015bnia i ... Dowiedz si\u0119 wi\u0119cej","og_url":"https:\/\/md.korty.org\/?p=471","article_published_time":"2025-09-01T19:56:48+00:00","article_modified_time":"2025-09-03T19:57:53+00:00","author":"admin","twitter_card":"summary_large_image","twitter_misc":{"Napisane przez":"admin","Szacowany czas czytania":"1 minuta"},"schema":{"@context":"https:\/\/schema.org","@graph":[{"@type":"WebPage","@id":"https:\/\/md.korty.org\/?p=471","url":"https:\/\/md.korty.org\/?p=471","name":"Zapraszamy do rywalizacji w sezonie 2025 -","isPartOf":{"@id":"https:\/\/md.korty.org\/#website"},"datePublished":"2025-09-01T19:56:48+00:00","dateModified":"2025-09-03T19:57:53+00:00","author":{"@id":"https:\/\/md.korty.org\/#\/schema\/person\/95adaf5e66a8f6a899f638cac9eae635"},"breadcrumb":{"@id":"https:\/\/md.korty.org\/?p=471#breadcrumb"},"inLanguage":"pl-PL","potentialAction":[{"@type":"ReadAction","target":["https:\/\/md.korty.org\/?p=471"]}]},{"@type":"BreadcrumbList","@id":"https:\/\/md.korty.org\/?p=471#breadcrumb","itemListElement":[{"@type":"ListItem","position":1,"name":"Strona g\u0142\u00f3wna","item":"https:\/\/md.korty.org\/"},{"@type":"ListItem","position":2,"name":"Zapraszamy do rywalizacji w sezonie 2025"}]},{"@type":"WebSite","@id":"https:\/\/md.korty.org\/#website","url":"https:\/\/md.korty.org\/","name":"","description":"","potentialAction":[{"@type":"SearchAction","target":{"@type":"EntryPoint","urlTemplate":"https:\/\/md.korty.org\/?s={search_term_string}"},"query-input":{"@type":"PropertyValueSpecification","valueRequired":true,"valueName":"search_term_string"}}],"inLanguage":"pl-PL"},{"@type":"Person","@id":"https:\/\/md.korty.org\/#\/schema\/person\/95adaf5e66a8f6a899f638cac9eae635","name":"admin","image":{"@type":"ImageObject","inLanguage":"pl-PL","@id":"https:\/\/md.korty.org\/#\/schema\/person\/image\/","url":"https:\/\/secure.gravatar.com\/avatar\/965731b2fc33e384189523695f2b1a06e5a40db86b7f01b7855f99cb5a120cf4?s=96&d=mm&r=g","contentUrl":"https:\/\/secure.gravatar.com\/avatar\/965731b2fc33e384189523695f2b1a06e5a40db86b7f01b7855f99cb5a120cf4?s=96&d=mm&r=g","caption":"admin"},"sameAs":["https:\/\/md.korty.org"],"url":"https:\/\/md.korty.org\/?author=1"}]}},"_links":{"self":[{"href":"https:\/\/md.korty.org\/index.php?rest_route=\/wp\/v2\/posts\/471","targetHints":{"allow":["GET"]}}],"collection":[{"href":"https:\/\/md.korty.org\/index.php?rest_route=\/wp\/v2\/posts"}],"about":[{"href":"https:\/\/md.korty.org\/index.php?rest_route=\/wp\/v2\/types\/post"}],"author":[{"embeddable":true,"href":"https:\/\/md.korty.org\/index.php?rest_route=\/wp\/v2\/users\/1"}],"replies":[{"embeddable":true,"href":"https:\/\/md.korty.org\/index.php?rest_route=%2Fwp%2Fv2%2Fcomments&post=471"}],"version-history":[{"count":2,"href":"https:\/\/md.korty.org\/index.php?rest_route=\/wp\/v2\/posts\/471\/revisions"}],"predecessor-version":[{"id":473,"href":"https:\/\/md.korty.org\/index.php?rest_route=\/wp\/v2\/posts\/471\/revisions\/473"}],"wp:attachment":[{"href":"https:\/\/md.korty.org\/index.php?rest_route=%2Fwp%2Fv2%2Fmedia&parent=471"}],"wp:term":[{"taxonomy":"category","embeddable":true,"href":"https:\/\/md.korty.org\/index.php?rest_route=%2Fwp%2Fv2%2Fcategories&post=471"},{"taxonomy":"post_tag","embeddable":true,"href":"https:\/\/md.korty.org\/index.php?rest_route=%2Fwp%2Fv2%2Ftags&post=471"}],"curies":[{"name":"wp","href":"https:\/\/api.w.org\/{rel}","templated":true}]}}