{"id":237,"date":"2024-10-28T23:06:55","date_gmt":"2024-10-28T23:06:55","guid":{"rendered":"https:\/\/md.korty.org\/?p=237"},"modified":"2024-11-09T14:29:39","modified_gmt":"2024-11-09T14:29:39","slug":"elastyczne-podejscie-do-terminow-9-10-listopada","status":"publish","type":"post","link":"https:\/\/md.korty.org\/?p=237","title":{"rendered":"Elastyczne podej\u015bcie do termin\u00f3w 9-10 listopada"},"content":{"rendered":"<p>W zwi\u0105zku z pro\u015bbami kapitan\u00f3w dru\u017cyn podj\u0119li\u015bmy decyzj\u0119 o ewentualnym wyra\u017caniu zgody na przesuni\u0119cie termin\u00f3w pojedynczych mecz\u00f3w 2. kolejki Mistrzostw Mazowsza Amator\u00f3w, zaplanowanych w terminie 9-10 listopada. <\/p>\n<p>Oczywi\u015bcie podstaw\u0105 jest termin wyznaczony w terminarzu rozgrywek, ale za porozumieniem obydwu kapitan\u00f3w mo\u017cemy zaakceptowa\u0107 przesuni\u0119cie terminu tydzie\u0144 wcze\u015bniej b\u0105d\u017a p\u00f3\u017aniej lub na inny dzie\u0144 w ramach tego samego weekendu. <\/p>\n<p>Zasad\u0105 jest, \u017ce obydwaj kapitanowie musz\u0105 wyrazi\u0107 wol\u0119 powy\u017cszej zmiany. W innym przypadku termin pozostaje bez zmian.<\/p>\n","protected":false},"excerpt":{"rendered":"<p>W zwi\u0105zku z pro\u015bbami kapitan\u00f3w dru\u017cyn podj\u0119li\u015bmy decyzj\u0119 o ewentualnym wyra\u017caniu zgody na przesuni\u0119cie termin\u00f3w pojedynczych mecz\u00f3w 2. kolejki Mistrzostw Mazowsza Amator\u00f3w, zaplanowanych w terminie 9-10 listopada. Oczywi\u015bcie podstaw\u0105 jest termin wyznaczony w terminarzu rozgrywek, ale za porozumieniem obydwu kapitan\u00f3w mo\u017cemy zaakceptowa\u0107 przesuni\u0119cie terminu tydzie\u0144 wcze\u015bniej b\u0105d\u017a p\u00f3\u017aniej lub na inny dzie\u0144 w ramach tego &#8230; <a title=\"Elastyczne podej\u015bcie do termin\u00f3w 9-10 listopada\" class=\"read-more\" href=\"https:\/\/md.korty.org\/?p=237\" aria-label=\"Read more about Elastyczne podej\u015bcie do termin\u00f3w 9-10 listopada\">Dowiedz si\u0119 wi\u0119cej<\/a><\/p>\n","protected":false},"author":1,"featured_media":0,"comment_status":"closed","ping_status":"open","sticky":false,"template":"","format":"standard","meta":{"footnotes":""},"categories":[1],"tags":[],"class_list":["post-237","post","type-post","status-publish","format-standard","hentry","category-dmma"],"yoast_head":"<!-- This site is optimized with the Yoast SEO plugin v23.5 - https:\/\/yoast.com\/wordpress\/plugins\/seo\/ -->\n<title>Elastyczne podej\u015bcie do termin\u00f3w 9-10 listopada -<\/title>\n<meta name=\"robots\" content=\"index, follow, max-snippet:-1, max-image-preview:large, max-video-preview:-1\" \/>\n<link rel=\"canonical\" href=\"https:\/\/md.korty.org\/?p=237\" \/>\n<meta property=\"og:locale\" content=\"pl_PL\" \/>\n<meta property=\"og:type\" content=\"article\" \/>\n<meta property=\"og:title\" content=\"Elastyczne podej\u015bcie do termin\u00f3w 9-10 listopada -\" \/>\n<meta property=\"og:description\" content=\"W zwi\u0105zku z pro\u015bbami kapitan\u00f3w dru\u017cyn podj\u0119li\u015bmy decyzj\u0119 o ewentualnym wyra\u017caniu zgody na przesuni\u0119cie termin\u00f3w pojedynczych mecz\u00f3w 2. kolejki Mistrzostw Mazowsza Amator\u00f3w, zaplanowanych w terminie 9-10 listopada. Oczywi\u015bcie podstaw\u0105 jest termin wyznaczony w terminarzu rozgrywek, ale za porozumieniem obydwu kapitan\u00f3w mo\u017cemy zaakceptowa\u0107 przesuni\u0119cie terminu tydzie\u0144 wcze\u015bniej b\u0105d\u017a p\u00f3\u017aniej lub na inny dzie\u0144 w ramach tego ... Dowiedz si\u0119 wi\u0119cej\" \/>\n<meta property=\"og:url\" content=\"https:\/\/md.korty.org\/?p=237\" \/>\n<meta property=\"article:published_time\" content=\"2024-10-28T23:06:55+00:00\" \/>\n<meta property=\"article:modified_time\" content=\"2024-11-09T14:29:39+00:00\" \/>\n<meta name=\"author\" content=\"admin\" \/>\n<meta name=\"twitter:card\" content=\"summary_large_image\" \/>\n<meta name=\"twitter:label1\" content=\"Napisane przez\" \/>\n\t<meta name=\"twitter:data1\" content=\"admin\" \/>\n\t<meta name=\"twitter:label2\" content=\"Szacowany czas czytania\" \/>\n\t<meta name=\"twitter:data2\" content=\"1 minuta\" \/>\n<script type=\"application\/ld+json\" class=\"yoast-schema-graph\">{\"@context\":\"https:\/\/schema.org\",\"@graph\":[{\"@type\":\"WebPage\",\"@id\":\"https:\/\/md.korty.org\/?p=237\",\"url\":\"https:\/\/md.korty.org\/?p=237\",\"name\":\"Elastyczne podej\u015bcie do termin\u00f3w 9-10 listopada -\",\"isPartOf\":{\"@id\":\"https:\/\/md.korty.org\/#website\"},\"datePublished\":\"2024-10-28T23:06:55+00:00\",\"dateModified\":\"2024-11-09T14:29:39+00:00\",\"author\":{\"@id\":\"https:\/\/md.korty.org\/#\/schema\/person\/95adaf5e66a8f6a899f638cac9eae635\"},\"breadcrumb\":{\"@id\":\"https:\/\/md.korty.org\/?p=237#breadcrumb\"},\"inLanguage\":\"pl-PL\",\"potentialAction\":[{\"@type\":\"ReadAction\",\"target\":[\"https:\/\/md.korty.org\/?p=237\"]}]},{\"@type\":\"BreadcrumbList\",\"@id\":\"https:\/\/md.korty.org\/?p=237#breadcrumb\",\"itemListElement\":[{\"@type\":\"ListItem\",\"position\":1,\"name\":\"Strona g\u0142\u00f3wna\",\"item\":\"https:\/\/md.korty.org\/\"},{\"@type\":\"ListItem\",\"position\":2,\"name\":\"Elastyczne podej\u015bcie do termin\u00f3w 9-10 listopada\"}]},{\"@type\":\"WebSite\",\"@id\":\"https:\/\/md.korty.org\/#website\",\"url\":\"https:\/\/md.korty.org\/\",\"name\":\"\",\"description\":\"\",\"potentialAction\":[{\"@type\":\"SearchAction\",\"target\":{\"@type\":\"EntryPoint\",\"urlTemplate\":\"https:\/\/md.korty.org\/?s={search_term_string}\"},\"query-input\":{\"@type\":\"PropertyValueSpecification\",\"valueRequired\":true,\"valueName\":\"search_term_string\"}}],\"inLanguage\":\"pl-PL\"},{\"@type\":\"Person\",\"@id\":\"https:\/\/md.korty.org\/#\/schema\/person\/95adaf5e66a8f6a899f638cac9eae635\",\"name\":\"admin\",\"image\":{\"@type\":\"ImageObject\",\"inLanguage\":\"pl-PL\",\"@id\":\"https:\/\/md.korty.org\/#\/schema\/person\/image\/\",\"url\":\"https:\/\/secure.gravatar.com\/avatar\/965731b2fc33e384189523695f2b1a06e5a40db86b7f01b7855f99cb5a120cf4?s=96&d=mm&r=g\",\"contentUrl\":\"https:\/\/secure.gravatar.com\/avatar\/965731b2fc33e384189523695f2b1a06e5a40db86b7f01b7855f99cb5a120cf4?s=96&d=mm&r=g\",\"caption\":\"admin\"},\"sameAs\":[\"https:\/\/md.korty.org\"],\"url\":\"https:\/\/md.korty.org\/?author=1\"}]}<\/script>\n<!-- \/ Yoast SEO plugin. -->","yoast_head_json":{"title":"Elastyczne podej\u015bcie do termin\u00f3w 9-10 listopada -","robots":{"index":"index","follow":"follow","max-snippet":"max-snippet:-1","max-image-preview":"max-image-preview:large","max-video-preview":"max-video-preview:-1"},"canonical":"https:\/\/md.korty.org\/?p=237","og_locale":"pl_PL","og_type":"article","og_title":"Elastyczne podej\u015bcie do termin\u00f3w 9-10 listopada -","og_description":"W zwi\u0105zku z pro\u015bbami kapitan\u00f3w dru\u017cyn podj\u0119li\u015bmy decyzj\u0119 o ewentualnym wyra\u017caniu zgody na przesuni\u0119cie termin\u00f3w pojedynczych mecz\u00f3w 2. kolejki Mistrzostw Mazowsza Amator\u00f3w, zaplanowanych w terminie 9-10 listopada. Oczywi\u015bcie podstaw\u0105 jest termin wyznaczony w terminarzu rozgrywek, ale za porozumieniem obydwu kapitan\u00f3w mo\u017cemy zaakceptowa\u0107 przesuni\u0119cie terminu tydzie\u0144 wcze\u015bniej b\u0105d\u017a p\u00f3\u017aniej lub na inny dzie\u0144 w ramach tego ... Dowiedz si\u0119 wi\u0119cej","og_url":"https:\/\/md.korty.org\/?p=237","article_published_time":"2024-10-28T23:06:55+00:00","article_modified_time":"2024-11-09T14:29:39+00:00","author":"admin","twitter_card":"summary_large_image","twitter_misc":{"Napisane przez":"admin","Szacowany czas czytania":"1 minuta"},"schema":{"@context":"https:\/\/schema.org","@graph":[{"@type":"WebPage","@id":"https:\/\/md.korty.org\/?p=237","url":"https:\/\/md.korty.org\/?p=237","name":"Elastyczne podej\u015bcie do termin\u00f3w 9-10 listopada -","isPartOf":{"@id":"https:\/\/md.korty.org\/#website"},"datePublished":"2024-10-28T23:06:55+00:00","dateModified":"2024-11-09T14:29:39+00:00","author":{"@id":"https:\/\/md.korty.org\/#\/schema\/person\/95adaf5e66a8f6a899f638cac9eae635"},"breadcrumb":{"@id":"https:\/\/md.korty.org\/?p=237#breadcrumb"},"inLanguage":"pl-PL","potentialAction":[{"@type":"ReadAction","target":["https:\/\/md.korty.org\/?p=237"]}]},{"@type":"BreadcrumbList","@id":"https:\/\/md.korty.org\/?p=237#breadcrumb","itemListElement":[{"@type":"ListItem","position":1,"name":"Strona g\u0142\u00f3wna","item":"https:\/\/md.korty.org\/"},{"@type":"ListItem","position":2,"name":"Elastyczne podej\u015bcie do termin\u00f3w 9-10 listopada"}]},{"@type":"WebSite","@id":"https:\/\/md.korty.org\/#website","url":"https:\/\/md.korty.org\/","name":"","description":"","potentialAction":[{"@type":"SearchAction","target":{"@type":"EntryPoint","urlTemplate":"https:\/\/md.korty.org\/?s={search_term_string}"},"query-input":{"@type":"PropertyValueSpecification","valueRequired":true,"valueName":"search_term_string"}}],"inLanguage":"pl-PL"},{"@type":"Person","@id":"https:\/\/md.korty.org\/#\/schema\/person\/95adaf5e66a8f6a899f638cac9eae635","name":"admin","image":{"@type":"ImageObject","inLanguage":"pl-PL","@id":"https:\/\/md.korty.org\/#\/schema\/person\/image\/","url":"https:\/\/secure.gravatar.com\/avatar\/965731b2fc33e384189523695f2b1a06e5a40db86b7f01b7855f99cb5a120cf4?s=96&d=mm&r=g","contentUrl":"https:\/\/secure.gravatar.com\/avatar\/965731b2fc33e384189523695f2b1a06e5a40db86b7f01b7855f99cb5a120cf4?s=96&d=mm&r=g","caption":"admin"},"sameAs":["https:\/\/md.korty.org"],"url":"https:\/\/md.korty.org\/?author=1"}]}},"_links":{"self":[{"href":"https:\/\/md.korty.org\/index.php?rest_route=\/wp\/v2\/posts\/237","targetHints":{"allow":["GET"]}}],"collection":[{"href":"https:\/\/md.korty.org\/index.php?rest_route=\/wp\/v2\/posts"}],"about":[{"href":"https:\/\/md.korty.org\/index.php?rest_route=\/wp\/v2\/types\/post"}],"author":[{"embeddable":true,"href":"https:\/\/md.korty.org\/index.php?rest_route=\/wp\/v2\/users\/1"}],"replies":[{"embeddable":true,"href":"https:\/\/md.korty.org\/index.php?rest_route=%2Fwp%2Fv2%2Fcomments&post=237"}],"version-history":[{"count":1,"href":"https:\/\/md.korty.org\/index.php?rest_route=\/wp\/v2\/posts\/237\/revisions"}],"predecessor-version":[{"id":251,"href":"https:\/\/md.korty.org\/index.php?rest_route=\/wp\/v2\/posts\/237\/revisions\/251"}],"wp:attachment":[{"href":"https:\/\/md.korty.org\/index.php?rest_route=%2Fwp%2Fv2%2Fmedia&parent=237"}],"wp:term":[{"taxonomy":"category","embeddable":true,"href":"https:\/\/md.korty.org\/index.php?rest_route=%2Fwp%2Fv2%2Fcategories&post=237"},{"taxonomy":"post_tag","embeddable":true,"href":"https:\/\/md.korty.org\/index.php?rest_route=%2Fwp%2Fv2%2Ftags&post=237"}],"curies":[{"name":"wp","href":"https:\/\/api.w.org\/{rel}","templated":true}]}}