{"id":232,"date":"2024-10-27T15:22:01","date_gmt":"2024-10-27T15:22:01","guid":{"rendered":"https:\/\/md.korty.org\/?p=232"},"modified":"2024-10-28T08:55:54","modified_gmt":"2024-10-28T08:55:54","slug":"chorten-podbija-spojnie-dolna-w-1-kolejce-seniorow-50","status":"publish","type":"post","link":"https:\/\/md.korty.org\/?p=232","title":{"rendered":"Chorten podbija Sp\u00f3jni\u0119 Doln\u0105 w 1. kolejce Senior\u00f3w 50+"},"content":{"rendered":"<p>Za nami pierwsza kolejka <strong>Mistrzostw Mazowsza Amator\u00f3w<\/strong> w kategorii 50+. Do sporej niespodzianki dosz\u0142o w rozegranym na kortach Sp\u00f3jni Dolnej meczu grupy A pomi\u0119dzy gospodarzami i zespo\u0142em Chortenu. Go\u015bcie okazali si\u0119 lepsi w obydwu m\u0142odszych singlach i deblu, a jedyny punkt wywalczyli w kat. 60, i to te\u017c mo\u017cna powiedzie\u0107 sensacyjnie, bowiem <strong>Krzysiek Samoj\u0142owicz<\/strong>, nr 883 \u015bwiatowego rankingu kat. 65 ITF pokona\u0142 aktualnego nr 83. tego rankingu <strong>Waldka Lema\u0144skiego<\/strong>. Zwyci\u0119stwo da\u0142o prowadzenie zespo\u0142owi Chortenu w grupie A. <\/p>\n<p>Niespodzianki nie by\u0142o na kortach Tie Breaka, gdzie debiutuj\u0105cy w rozgrywkach seniorskich reprezentanci tego klubu ulegli bardziej do\u015bwiadczonym reprezentantom Fundacji ECT 0-4. Na usprawiedliwienie ursynowskich tenisist\u00f3w trzeba powiedzie\u0107, \u017ce go\u015bcie przyjechali mocnym sk\u0142adem, na czele ze &#8222;starymi wyjadaczami&#8221; kortowymi <strong>Krzy\u015bkami Ry\u0144skim<\/strong> i <strong>Doli\u0144skim<\/strong>.<\/p>\n<p>Bardzo silnie obsadzony mecz zapowiada\u0142 si\u0119 na kortach w Raszynie, z udzia\u0142em m.in. 15. w \u015bwiatowym rankingu 55 ITF <strong>Irka G\u00f3rki<\/strong>. Irek ostatecznie z powod\u00f3w rodzinnych nie dojecha\u0142. Meczem dnia mo\u017cna wskaza\u0107 debel, w kt\u00f3rym faworyzowani bracia <strong>J\u0119drzejewscy<\/strong> pokonali par\u0119 <strong>\u0141ukasz Wi\u015bniewski, Albert Siekierka<\/strong> 6\/2 7\/5. Smaczkiem tej gry by\u0142o to, \u017ce w drugim secie bracia dostali zadyszki przegrywaj\u0105c przy stanie 6\/2 5\/1 cztery kolejne gemy. Gdy ju\u017c wydawa\u0142o si\u0119, \u017ce mo\u017ce doj\u015b\u0107 do niespodzianki go\u015bcie opanowali nerwy i zdobyli kolejne dwa gemy. <\/p>\n<p><strong>Sonic Raszyn : Warszawianka 1 : 3 <\/strong><br \/>\nData meczu: 2024-10-26<br \/>\n50: Albert Siekierka &#8211; Jacek Czerniszewski  3\/6 2\/6<br \/>\n55: Maciej Kalisz &#8211; Cezary Pytel  6\/3 6\/3<br \/>\n60: Walkower dla Warszawianki  0\/6 0\/6 w\/o<br \/>\nDebel: \u0141ukasz Wi\u015bniewski, Siekierka &#8211; Tomasz i Micha\u0142 J\u0119drzejewscy  2\/6 5\/7<\/p>\n<p><strong>Tie Break : Fundacja ECT 0 : 4 <\/strong><br \/>\nData meczu: 2024-10-26<br \/>\n50: Dariusz Wyszy\u0144ski &#8211; Roman D\u0119biec 0\/6 1\/6<br \/>\n55: Jacek \u0141adny &#8211; Krzysztof Doli\u0144ski 6\/7 0\/1 krecz<br \/>\n60: Marek Rataj &#8211; Krzysztof Ry\u0144ski 1\/6 4\/6<br \/>\nDebel: Adam Romer, Wyszy\u0144ski &#8211; Andrzej Dmoch, Artur Wro\u0144ski 2\/6 3\/6<\/p>\n<p><strong>Sp\u00f3jnia Dolna &#8211; Chorten 1 : 3<\/strong><br \/>\nData meczu: 2024-10-26<br \/>\n50: Tomasz Wawrzyniak &#8211; Konrad Kraszewski 3\/6 4\/6<br \/>\n55: Tadeusz Grotowski &#8211; Wojciech Lisek 4\/6 6\/7<br \/>\n60: Krzysztof Samoj\u0142owicz &#8211; Waldemar Lema\u0144ski 6\/1 2\/6 10-7<br \/>\nDebel: Wawrzyniak, Samoj\u0142owicz &#8211; Kraszewski, Lema\u0144ski 4\/6 3\/6<\/p>\n<div style=\"display: flex; gap: 20px;\">\n<table border=\"1\" cellpadding=\"5\" cellspacing=\"0\">\n<tr>\n<th style=\"width: 50px\"><\/th>\n<th>Grupa A<\/th>\n<th>Gry<\/th>\n<th>Sety<\/th>\n<\/tr>\n<tr>\n<td>1<\/td>\n<td>Chorten<\/td>\n<td>3-1<\/td>\n<td>(7:2)<\/td>\n<\/tr>\n<tr>\n<td>2<\/td>\n<td>Warszawianka<\/td>\n<td>3-1<\/td>\n<td>(6:2)<\/td>\n<\/tr>\n<tr>\n<td>3<\/td>\n<td>Sp\u00f3jnia Dolna<\/td>\n<td>1-3<\/td>\n<td>(2:7)<\/td>\n<\/tr>\n<\/table>\n<table border=\"1\" cellpadding=\"5\" cellspacing=\"0\">\n<tr>\n<th style=\"width: 50px\"><\/th>\n<th>Grupa B<\/th>\n<th>Gry<\/th>\n<th>Sety<\/th>\n<\/tr>\n<tr>\n<td>1<\/td>\n<td>Fundacja ECT<\/td>\n<td>4-0<\/td>\n<td>(8:0)<\/td>\n<\/tr>\n<tr>\n<td>2<\/td>\n<td>Sonic Raszyn <\/td>\n<td>1-3<\/td>\n<td>(2:6)<\/td>\n<\/tr>\n<tr>\n<td>3<\/td>\n<td>Tie Break<\/td>\n<td>0-4<\/td>\n<td>(0:8)<\/td>\n<\/tr>\n<\/table>\n<\/div>\n","protected":false},"excerpt":{"rendered":"<p>Za nami pierwsza kolejka Mistrzostw Mazowsza Amator\u00f3w w kategorii 50+. Do sporej niespodzianki dosz\u0142o w rozegranym na kortach Sp\u00f3jni Dolnej meczu grupy A pomi\u0119dzy gospodarzami i zespo\u0142em Chortenu. Go\u015bcie okazali si\u0119 lepsi w obydwu m\u0142odszych singlach i deblu, a jedyny punkt wywalczyli w kat. 60, i to te\u017c mo\u017cna powiedzie\u0107 sensacyjnie, bowiem Krzysiek Samoj\u0142owicz, nr &#8230; <a title=\"Chorten podbija Sp\u00f3jni\u0119 Doln\u0105 w 1. kolejce Senior\u00f3w 50+\" class=\"read-more\" href=\"https:\/\/md.korty.org\/?p=232\" aria-label=\"Read more about Chorten podbija Sp\u00f3jni\u0119 Doln\u0105 w 1. kolejce Senior\u00f3w 50+\">Dowiedz si\u0119 wi\u0119cej<\/a><\/p>\n","protected":false},"author":1,"featured_media":233,"comment_status":"closed","ping_status":"open","sticky":false,"template":"","format":"standard","meta":{"footnotes":""},"categories":[1],"tags":[],"class_list":["post-232","post","type-post","status-publish","format-standard","has-post-thumbnail","hentry","category-dmma"],"yoast_head":"<!-- This site is optimized with the Yoast SEO plugin v23.5 - https:\/\/yoast.com\/wordpress\/plugins\/seo\/ -->\n<title>Chorten podbija Sp\u00f3jni\u0119 Doln\u0105 w 1. kolejce Senior\u00f3w 50+ -<\/title>\n<meta name=\"robots\" content=\"index, follow, max-snippet:-1, max-image-preview:large, max-video-preview:-1\" \/>\n<link rel=\"canonical\" href=\"https:\/\/md.korty.org\/?p=232\" \/>\n<meta property=\"og:locale\" content=\"pl_PL\" \/>\n<meta property=\"og:type\" content=\"article\" \/>\n<meta property=\"og:title\" content=\"Chorten podbija Sp\u00f3jni\u0119 Doln\u0105 w 1. kolejce Senior\u00f3w 50+ -\" \/>\n<meta property=\"og:description\" content=\"Za nami pierwsza kolejka Mistrzostw Mazowsza Amator\u00f3w w kategorii 50+. Do sporej niespodzianki dosz\u0142o w rozegranym na kortach Sp\u00f3jni Dolnej meczu grupy A pomi\u0119dzy gospodarzami i zespo\u0142em Chortenu. Go\u015bcie okazali si\u0119 lepsi w obydwu m\u0142odszych singlach i deblu, a jedyny punkt wywalczyli w kat. 60, i to te\u017c mo\u017cna powiedzie\u0107 sensacyjnie, bowiem Krzysiek Samoj\u0142owicz, nr ... Dowiedz si\u0119 wi\u0119cej\" \/>\n<meta property=\"og:url\" content=\"https:\/\/md.korty.org\/?p=232\" \/>\n<meta property=\"article:published_time\" content=\"2024-10-27T15:22:01+00:00\" \/>\n<meta property=\"article:modified_time\" content=\"2024-10-28T08:55:54+00:00\" \/>\n<meta property=\"og:image\" content=\"https:\/\/md.korty.org\/wp-content\/uploads\/2024\/10\/20241026_185330-e1730042512439.jpg\" \/>\n\t<meta property=\"og:image:width\" content=\"798\" \/>\n\t<meta property=\"og:image:height\" content=\"762\" \/>\n\t<meta property=\"og:image:type\" content=\"image\/jpeg\" \/>\n<meta name=\"author\" content=\"admin\" \/>\n<meta name=\"twitter:card\" content=\"summary_large_image\" \/>\n<meta name=\"twitter:label1\" content=\"Napisane przez\" \/>\n\t<meta name=\"twitter:data1\" content=\"admin\" \/>\n\t<meta name=\"twitter:label2\" content=\"Szacowany czas czytania\" \/>\n\t<meta name=\"twitter:data2\" content=\"3 minuty\" \/>\n<script type=\"application\/ld+json\" class=\"yoast-schema-graph\">{\"@context\":\"https:\/\/schema.org\",\"@graph\":[{\"@type\":\"WebPage\",\"@id\":\"https:\/\/md.korty.org\/?p=232\",\"url\":\"https:\/\/md.korty.org\/?p=232\",\"name\":\"Chorten podbija Sp\u00f3jni\u0119 Doln\u0105 w 1. kolejce Senior\u00f3w 50+ -\",\"isPartOf\":{\"@id\":\"https:\/\/md.korty.org\/#website\"},\"primaryImageOfPage\":{\"@id\":\"https:\/\/md.korty.org\/?p=232#primaryimage\"},\"image\":{\"@id\":\"https:\/\/md.korty.org\/?p=232#primaryimage\"},\"thumbnailUrl\":\"https:\/\/md.korty.org\/wp-content\/uploads\/2024\/10\/20241026_185330-e1730042512439.jpg\",\"datePublished\":\"2024-10-27T15:22:01+00:00\",\"dateModified\":\"2024-10-28T08:55:54+00:00\",\"author\":{\"@id\":\"https:\/\/md.korty.org\/#\/schema\/person\/95adaf5e66a8f6a899f638cac9eae635\"},\"breadcrumb\":{\"@id\":\"https:\/\/md.korty.org\/?p=232#breadcrumb\"},\"inLanguage\":\"pl-PL\",\"potentialAction\":[{\"@type\":\"ReadAction\",\"target\":[\"https:\/\/md.korty.org\/?p=232\"]}]},{\"@type\":\"ImageObject\",\"inLanguage\":\"pl-PL\",\"@id\":\"https:\/\/md.korty.org\/?p=232#primaryimage\",\"url\":\"https:\/\/md.korty.org\/wp-content\/uploads\/2024\/10\/20241026_185330-e1730042512439.jpg\",\"contentUrl\":\"https:\/\/md.korty.org\/wp-content\/uploads\/2024\/10\/20241026_185330-e1730042512439.jpg\",\"width\":798,\"height\":762},{\"@type\":\"BreadcrumbList\",\"@id\":\"https:\/\/md.korty.org\/?p=232#breadcrumb\",\"itemListElement\":[{\"@type\":\"ListItem\",\"position\":1,\"name\":\"Strona g\u0142\u00f3wna\",\"item\":\"https:\/\/md.korty.org\/\"},{\"@type\":\"ListItem\",\"position\":2,\"name\":\"Chorten podbija Sp\u00f3jni\u0119 Doln\u0105 w 1. kolejce Senior\u00f3w 50+\"}]},{\"@type\":\"WebSite\",\"@id\":\"https:\/\/md.korty.org\/#website\",\"url\":\"https:\/\/md.korty.org\/\",\"name\":\"\",\"description\":\"\",\"potentialAction\":[{\"@type\":\"SearchAction\",\"target\":{\"@type\":\"EntryPoint\",\"urlTemplate\":\"https:\/\/md.korty.org\/?s={search_term_string}\"},\"query-input\":{\"@type\":\"PropertyValueSpecification\",\"valueRequired\":true,\"valueName\":\"search_term_string\"}}],\"inLanguage\":\"pl-PL\"},{\"@type\":\"Person\",\"@id\":\"https:\/\/md.korty.org\/#\/schema\/person\/95adaf5e66a8f6a899f638cac9eae635\",\"name\":\"admin\",\"image\":{\"@type\":\"ImageObject\",\"inLanguage\":\"pl-PL\",\"@id\":\"https:\/\/md.korty.org\/#\/schema\/person\/image\/\",\"url\":\"https:\/\/secure.gravatar.com\/avatar\/965731b2fc33e384189523695f2b1a06e5a40db86b7f01b7855f99cb5a120cf4?s=96&d=mm&r=g\",\"contentUrl\":\"https:\/\/secure.gravatar.com\/avatar\/965731b2fc33e384189523695f2b1a06e5a40db86b7f01b7855f99cb5a120cf4?s=96&d=mm&r=g\",\"caption\":\"admin\"},\"sameAs\":[\"https:\/\/md.korty.org\"],\"url\":\"https:\/\/md.korty.org\/?author=1\"}]}<\/script>\n<!-- \/ Yoast SEO plugin. -->","yoast_head_json":{"title":"Chorten podbija Sp\u00f3jni\u0119 Doln\u0105 w 1. kolejce Senior\u00f3w 50+ -","robots":{"index":"index","follow":"follow","max-snippet":"max-snippet:-1","max-image-preview":"max-image-preview:large","max-video-preview":"max-video-preview:-1"},"canonical":"https:\/\/md.korty.org\/?p=232","og_locale":"pl_PL","og_type":"article","og_title":"Chorten podbija Sp\u00f3jni\u0119 Doln\u0105 w 1. kolejce Senior\u00f3w 50+ -","og_description":"Za nami pierwsza kolejka Mistrzostw Mazowsza Amator\u00f3w w kategorii 50+. Do sporej niespodzianki dosz\u0142o w rozegranym na kortach Sp\u00f3jni Dolnej meczu grupy A pomi\u0119dzy gospodarzami i zespo\u0142em Chortenu. Go\u015bcie okazali si\u0119 lepsi w obydwu m\u0142odszych singlach i deblu, a jedyny punkt wywalczyli w kat. 60, i to te\u017c mo\u017cna powiedzie\u0107 sensacyjnie, bowiem Krzysiek Samoj\u0142owicz, nr ... Dowiedz si\u0119 wi\u0119cej","og_url":"https:\/\/md.korty.org\/?p=232","article_published_time":"2024-10-27T15:22:01+00:00","article_modified_time":"2024-10-28T08:55:54+00:00","og_image":[{"width":798,"height":762,"url":"https:\/\/md.korty.org\/wp-content\/uploads\/2024\/10\/20241026_185330-e1730042512439.jpg","type":"image\/jpeg"}],"author":"admin","twitter_card":"summary_large_image","twitter_misc":{"Napisane przez":"admin","Szacowany czas czytania":"3 minuty"},"schema":{"@context":"https:\/\/schema.org","@graph":[{"@type":"WebPage","@id":"https:\/\/md.korty.org\/?p=232","url":"https:\/\/md.korty.org\/?p=232","name":"Chorten podbija Sp\u00f3jni\u0119 Doln\u0105 w 1. kolejce Senior\u00f3w 50+ -","isPartOf":{"@id":"https:\/\/md.korty.org\/#website"},"primaryImageOfPage":{"@id":"https:\/\/md.korty.org\/?p=232#primaryimage"},"image":{"@id":"https:\/\/md.korty.org\/?p=232#primaryimage"},"thumbnailUrl":"https:\/\/md.korty.org\/wp-content\/uploads\/2024\/10\/20241026_185330-e1730042512439.jpg","datePublished":"2024-10-27T15:22:01+00:00","dateModified":"2024-10-28T08:55:54+00:00","author":{"@id":"https:\/\/md.korty.org\/#\/schema\/person\/95adaf5e66a8f6a899f638cac9eae635"},"breadcrumb":{"@id":"https:\/\/md.korty.org\/?p=232#breadcrumb"},"inLanguage":"pl-PL","potentialAction":[{"@type":"ReadAction","target":["https:\/\/md.korty.org\/?p=232"]}]},{"@type":"ImageObject","inLanguage":"pl-PL","@id":"https:\/\/md.korty.org\/?p=232#primaryimage","url":"https:\/\/md.korty.org\/wp-content\/uploads\/2024\/10\/20241026_185330-e1730042512439.jpg","contentUrl":"https:\/\/md.korty.org\/wp-content\/uploads\/2024\/10\/20241026_185330-e1730042512439.jpg","width":798,"height":762},{"@type":"BreadcrumbList","@id":"https:\/\/md.korty.org\/?p=232#breadcrumb","itemListElement":[{"@type":"ListItem","position":1,"name":"Strona g\u0142\u00f3wna","item":"https:\/\/md.korty.org\/"},{"@type":"ListItem","position":2,"name":"Chorten podbija Sp\u00f3jni\u0119 Doln\u0105 w 1. kolejce Senior\u00f3w 50+"}]},{"@type":"WebSite","@id":"https:\/\/md.korty.org\/#website","url":"https:\/\/md.korty.org\/","name":"","description":"","potentialAction":[{"@type":"SearchAction","target":{"@type":"EntryPoint","urlTemplate":"https:\/\/md.korty.org\/?s={search_term_string}"},"query-input":{"@type":"PropertyValueSpecification","valueRequired":true,"valueName":"search_term_string"}}],"inLanguage":"pl-PL"},{"@type":"Person","@id":"https:\/\/md.korty.org\/#\/schema\/person\/95adaf5e66a8f6a899f638cac9eae635","name":"admin","image":{"@type":"ImageObject","inLanguage":"pl-PL","@id":"https:\/\/md.korty.org\/#\/schema\/person\/image\/","url":"https:\/\/secure.gravatar.com\/avatar\/965731b2fc33e384189523695f2b1a06e5a40db86b7f01b7855f99cb5a120cf4?s=96&d=mm&r=g","contentUrl":"https:\/\/secure.gravatar.com\/avatar\/965731b2fc33e384189523695f2b1a06e5a40db86b7f01b7855f99cb5a120cf4?s=96&d=mm&r=g","caption":"admin"},"sameAs":["https:\/\/md.korty.org"],"url":"https:\/\/md.korty.org\/?author=1"}]}},"_links":{"self":[{"href":"https:\/\/md.korty.org\/index.php?rest_route=\/wp\/v2\/posts\/232","targetHints":{"allow":["GET"]}}],"collection":[{"href":"https:\/\/md.korty.org\/index.php?rest_route=\/wp\/v2\/posts"}],"about":[{"href":"https:\/\/md.korty.org\/index.php?rest_route=\/wp\/v2\/types\/post"}],"author":[{"embeddable":true,"href":"https:\/\/md.korty.org\/index.php?rest_route=\/wp\/v2\/users\/1"}],"replies":[{"embeddable":true,"href":"https:\/\/md.korty.org\/index.php?rest_route=%2Fwp%2Fv2%2Fcomments&post=232"}],"version-history":[{"count":6,"href":"https:\/\/md.korty.org\/index.php?rest_route=\/wp\/v2\/posts\/232\/revisions"}],"predecessor-version":[{"id":244,"href":"https:\/\/md.korty.org\/index.php?rest_route=\/wp\/v2\/posts\/232\/revisions\/244"}],"wp:featuredmedia":[{"embeddable":true,"href":"https:\/\/md.korty.org\/index.php?rest_route=\/wp\/v2\/media\/233"}],"wp:attachment":[{"href":"https:\/\/md.korty.org\/index.php?rest_route=%2Fwp%2Fv2%2Fmedia&parent=232"}],"wp:term":[{"taxonomy":"category","embeddable":true,"href":"https:\/\/md.korty.org\/index.php?rest_route=%2Fwp%2Fv2%2Fcategories&post=232"},{"taxonomy":"post_tag","embeddable":true,"href":"https:\/\/md.korty.org\/index.php?rest_route=%2Fwp%2Fv2%2Ftags&post=232"}],"curies":[{"name":"wp","href":"https:\/\/api.w.org\/{rel}","templated":true}]}}